{"id":14217,"date":"2018-03-23T12:12:44","date_gmt":"2018-03-23T15:12:44","guid":{"rendered":"https:\/\/www.facet.unt.edu.ar\/facetinforma\/?p=14217"},"modified":"2018-03-28T13:28:13","modified_gmt":"2018-03-28T16:28:13","slug":"defensa-de-tesis-doctoral-del-ing-biom-ricardo-m-trujillo","status":"publish","type":"post","link":"https:\/\/www.facet.unt.edu.ar\/facetinforma\/2018\/03\/23\/defensa-de-tesis-doctoral-del-ing-biom-ricardo-m-trujillo\/","title":{"rendered":"Defensa de Tesis Doctoral del Ing. Biom. Ricardo M.Trujillo"},"content":{"rendered":"<p>El doctorado en Ciencias Biol\u00f3gicas de la FACET y Dpto. de Bioingenier\u00eda invitan a la defensa de la tesis doctoral del\u00a0<strong>Ing. Biom. Ricardo Mat\u00edas Trujillo<\/strong>\u00a0para acceder al t\u00edtulo de Doctor en Ciencias Biol\u00f3gicas.\u00a0<!--more--><\/p>\n<p>La tesis se titula\u00a0<strong>\u201cEvaluaci\u00f3n de nanoestructuras para sensores inmunol\u00f3gicos\u201d<\/strong>\u00a0y fue dirigida por la\u00a0<strong>Dra. Rossana Madrid\u00a0<\/strong>y Co-Dirigida por el<strong><b>\u00a0<\/b><b>Dr. David Comedi.<\/b><\/strong><\/p>\n<p>El acto acad\u00e9mico de defensa tendr\u00e1 lugar en la Sala de Medios Audiovisuales el pr\u00f3ximo\u00a0<strong>mi\u00e9rcoles 28 de Marzo<\/strong>, a horas <strong>15:00<\/strong>.<\/p>\n","protected":false},"excerpt":{"rendered":"<p>El doctorado en Ciencias Biol\u00f3gicas de la FACET y Dpto. de Bioingenier\u00eda invitan a la defensa de la tesis doctoral del\u00a0Ing. Biom. Ricardo Mat\u00edas Trujillo\u00a0para acceder al t\u00edtulo de Doctor en Ciencias Biol\u00f3gicas.\u00a0<\/p>\n","protected":false},"author":6,"featured_media":0,"comment_status":"closed","ping_status":"closed","sticky":false,"template":"","format":"standard","meta":[],"categories":[5],"tags":[],"_links":{"self":[{"href":"https:\/\/www.facet.unt.edu.ar\/facetinforma\/wp-json\/wp\/v2\/posts\/14217"}],"collection":[{"href":"https:\/\/www.facet.unt.edu.ar\/facetinforma\/wp-json\/wp\/v2\/posts"}],"about":[{"href":"https:\/\/www.facet.unt.edu.ar\/facetinforma\/wp-json\/wp\/v2\/types\/post"}],"author":[{"embeddable":true,"href":"https:\/\/www.facet.unt.edu.ar\/facetinforma\/wp-json\/wp\/v2\/users\/6"}],"replies":[{"embeddable":true,"href":"https:\/\/www.facet.unt.edu.ar\/facetinforma\/wp-json\/wp\/v2\/comments?post=14217"}],"version-history":[{"count":3,"href":"https:\/\/www.facet.unt.edu.ar\/facetinforma\/wp-json\/wp\/v2\/posts\/14217\/revisions"}],"predecessor-version":[{"id":14249,"href":"https:\/\/www.facet.unt.edu.ar\/facetinforma\/wp-json\/wp\/v2\/posts\/14217\/revisions\/14249"}],"wp:attachment":[{"href":"https:\/\/www.facet.unt.edu.ar\/facetinforma\/wp-json\/wp\/v2\/media?parent=14217"}],"wp:term":[{"taxonomy":"category","embeddable":true,"href":"https:\/\/www.facet.unt.edu.ar\/facetinforma\/wp-json\/wp\/v2\/categories?post=14217"},{"taxonomy":"post_tag","embeddable":true,"href":"https:\/\/www.facet.unt.edu.ar\/facetinforma\/wp-json\/wp\/v2\/tags?post=14217"}],"curies":[{"name":"wp","href":"https:\/\/api.w.org\/{rel}","templated":true}]}}