{"id":14252,"date":"2018-04-03T12:58:04","date_gmt":"2018-04-03T15:58:04","guid":{"rendered":"https:\/\/www.facet.unt.edu.ar\/facetinforma\/?p=14252"},"modified":"2018-04-03T12:58:04","modified_gmt":"2018-04-03T15:58:04","slug":"seminario-instrumentacion-y-adquisicion-electronica-de-datos","status":"publish","type":"post","link":"https:\/\/www.facet.unt.edu.ar\/facetinforma\/2018\/04\/03\/seminario-instrumentacion-y-adquisicion-electronica-de-datos\/","title":{"rendered":"Seminario \u201cInstrumentaci\u00f3n y Adquisici\u00f3n Electr\u00f3nica de Datos\u201d"},"content":{"rendered":"<p>Se invita a participar del Seminario de &#8220;Instrumentaci\u00f3n y Adquisici\u00f3n Electr\u00f3nica de Datos&#8221; destinado a docentes, investigadores y alumno\/as del \u00faltimo a\u00f1o y graduado\/as de las carreras de Ingenier\u00eda Biom\u00e9dica, Ingenier\u00eda El\u00e9ctrica e Ingenier\u00eda Electr\u00f3nica a realizarse ma\u00f1ana mi\u00e9rcoles 4 de Abril, a las 11:30 hs, en Sala de Medios Audiovisuales, dictado por el Ing. Carlos Chicala de Ingenier\u00eda C&amp;C (<a href=\"http:\/\/www.controlcomp.com\/\" data-saferedirecturl=\"https:\/\/www.google.com\/url?hl=es&amp;q=http:\/\/www.controlcomp.com&amp;source=gmail&amp;ust=1522856794213000&amp;usg=AFQjCNG1oB5H3ChJRFu-48WPV2st-FmiLg\">www.controlcomp.com<\/a>).\u00a0<!--more--><\/p>\n<p><span style=\"text-decoration: underline;\">TEMARIO<\/span><br \/>\n\u00d8 Instrumentos Electr\u00f3nicos: Osciloscopios, Analizadores de Se\u00f1al y de Protocolos, Generadores, Instrumental RF, etc.<br \/>\n\u00d8 Sensores de Temperatura, Humedad, Vibraciones, etc.<br \/>\n\u00d8 Acondicionadores de Se\u00f1ales Anal\u00f3gicas y Digitales.<br \/>\n\u00d8 Adquisidores de Datos por WiFi, TCP\/IP, USB, RS485, etc.<br \/>\n\u00d8 Dataloggers y Controladores para Entornos Industriales.<br \/>\n\u00d8 PCs Industriales para Rack de 19\u201d, Panel PCs industriales, PCs embebidas fanless, Tablets y PDAs industriales.<\/p>\n","protected":false},"excerpt":{"rendered":"<p>Se invita a participar del Seminario de &#8220;Instrumentaci\u00f3n y Adquisici\u00f3n Electr\u00f3nica de Datos&#8221; destinado a docentes, investigadores y alumno\/as del \u00faltimo a\u00f1o y graduado\/as de las carreras de Ingenier\u00eda Biom\u00e9dica, Ingenier\u00eda El\u00e9ctrica e Ingenier\u00eda Electr\u00f3nica a realizarse ma\u00f1ana mi\u00e9rcoles 4 de Abril, a las 11:30 hs, en Sala de Medios Audiovisuales, dictado por el Ing. [&hellip;]<\/p>\n","protected":false},"author":6,"featured_media":0,"comment_status":"closed","ping_status":"closed","sticky":false,"template":"","format":"standard","meta":[],"categories":[5],"tags":[],"_links":{"self":[{"href":"https:\/\/www.facet.unt.edu.ar\/facetinforma\/wp-json\/wp\/v2\/posts\/14252"}],"collection":[{"href":"https:\/\/www.facet.unt.edu.ar\/facetinforma\/wp-json\/wp\/v2\/posts"}],"about":[{"href":"https:\/\/www.facet.unt.edu.ar\/facetinforma\/wp-json\/wp\/v2\/types\/post"}],"author":[{"embeddable":true,"href":"https:\/\/www.facet.unt.edu.ar\/facetinforma\/wp-json\/wp\/v2\/users\/6"}],"replies":[{"embeddable":true,"href":"https:\/\/www.facet.unt.edu.ar\/facetinforma\/wp-json\/wp\/v2\/comments?post=14252"}],"version-history":[{"count":1,"href":"https:\/\/www.facet.unt.edu.ar\/facetinforma\/wp-json\/wp\/v2\/posts\/14252\/revisions"}],"predecessor-version":[{"id":14253,"href":"https:\/\/www.facet.unt.edu.ar\/facetinforma\/wp-json\/wp\/v2\/posts\/14252\/revisions\/14253"}],"wp:attachment":[{"href":"https:\/\/www.facet.unt.edu.ar\/facetinforma\/wp-json\/wp\/v2\/media?parent=14252"}],"wp:term":[{"taxonomy":"category","embeddable":true,"href":"https:\/\/www.facet.unt.edu.ar\/facetinforma\/wp-json\/wp\/v2\/categories?post=14252"},{"taxonomy":"post_tag","embeddable":true,"href":"https:\/\/www.facet.unt.edu.ar\/facetinforma\/wp-json\/wp\/v2\/tags?post=14252"}],"curies":[{"name":"wp","href":"https:\/\/api.w.org\/{rel}","templated":true}]}}