{"id":14313,"date":"2018-04-10T17:19:05","date_gmt":"2018-04-10T20:19:05","guid":{"rendered":"https:\/\/www.facet.unt.edu.ar\/facetinforma\/?p=14313"},"modified":"2018-04-10T11:22:17","modified_gmt":"2018-04-10T14:22:17","slug":"ii-simposio-la-luz-en-el-museo-y-el-cuidado-del-patrimonio","status":"publish","type":"post","link":"https:\/\/www.facet.unt.edu.ar\/facetinforma\/2018\/04\/10\/ii-simposio-la-luz-en-el-museo-y-el-cuidado-del-patrimonio\/","title":{"rendered":"II Simposio &#8220;La luz en el Museo y el cuidado del Patrimonio&#8221;"},"content":{"rendered":"<p>Durante los d\u00edas 15, 16 y 17 de Agosto de 2018 se llevar\u00e1 a cabo en el Departamento de Luminotecnia, Luz y Visi\u00f3n de la Universidad Nacional de Tucum\u00e1n y con auspicio del CONICET el II Simposio \u201cLa Luz en el museo y el cuidado del Patrimonio\u201d.\u00a0<!--more--><\/p>\n<p>El evento convoca a cient\u00edficos, profesionales, estudiantes y empresarios, vinculados a la gesti\u00f3n, investigaci\u00f3n y ense\u00f1anza de la problem\u00e1tica de los museos en sus distintas formas y realidades.<\/p>\n<p>Este evento de car\u00e1cter nacional, busca reeditar aquel espacio que se generara por primera vez en el a\u00f1o 2015 para compartir el compromiso con la preservaci\u00f3n de la memoria colectiva y el patrimonio cultural de todos los actores que, desde las diferentes disciplinas (luminotecnia, arquitectura, historia, biolog\u00eda, tecnolog\u00eda) custodian, interpretan, acrecientan y comparten el relato contenido en nuestros museos.<\/p>\n<p>Esta segunda edici\u00f3n propone tres l\u00edneas tem\u00e1ticas: Preservaci\u00f3n del patrimonio del museo, Arquitectura y funcionalidad de los espacios de exhibici\u00f3n y Comunicaci\u00f3n y gesti\u00f3n en el museo y contar\u00e1 con disertantes internacionales de Espa\u00f1a, Estados Unidos y M\u00e9xico como nacionales de reconocida trayectoria a trav\u00e9s de conferencias plenarias y mesas paneles.<\/p>\n<p>La invitaci\u00f3n a interesados en participar con ponencias o p\u00f3sters es mediante el <strong>env\u00edo de res\u00famenes hasta <\/strong><strong>el d\u00eda <u>4 de Mayo<\/u> <\/strong>para su evaluaci\u00f3n.<\/p>\n<p>Toda la informaci\u00f3n concerniente al formato de los res\u00famenes, ejes tem\u00e1ticos, cronograma, disertantes invitados entre otros t\u00f3picos de inter\u00e9s podr\u00e1 descargarse de la p\u00e1gina oficial del simposio.<\/p>\n<p>Link p\u00e1gina oficial: <a href=\"https:\/\/laluzenelmuseo.wixsite.com\/simposio2018\" target=\"_blank\" rel=\"noopener\">https:\/\/laluzenelmuseo.wixsite.com\/simposio2018<\/a><\/p>\n<p>Link p\u00e1gina facebook: <a href=\"https:\/\/www.facebook.com\/LaluzenelmuseoTucuman\/\" target=\"_blank\" rel=\"noopener\">https:\/\/www.facebook.com\/LaluzenelmuseoTucuman\/<\/a><\/p>\n<p><a href=\"https:\/\/www.facet.unt.edu.ar\/facetinforma\/wp-content\/uploads\/sites\/9\/2018\/04\/II-Simposio.jpg\"><img decoding=\"async\" loading=\"lazy\" class=\"aligncenter wp-image-14314\" src=\"https:\/\/www.facet.unt.edu.ar\/facetinforma\/wp-content\/uploads\/sites\/9\/2018\/04\/II-Simposio.jpg\" alt=\"\" width=\"576\" height=\"350\" srcset=\"https:\/\/www.facet.unt.edu.ar\/facetinforma\/wp-content\/uploads\/sites\/9\/2018\/04\/II-Simposio.jpg 1350w, https:\/\/www.facet.unt.edu.ar\/facetinforma\/wp-content\/uploads\/sites\/9\/2018\/04\/II-Simposio-300x182.jpg 300w, https:\/\/www.facet.unt.edu.ar\/facetinforma\/wp-content\/uploads\/sites\/9\/2018\/04\/II-Simposio-768x466.jpg 768w, https:\/\/www.facet.unt.edu.ar\/facetinforma\/wp-content\/uploads\/sites\/9\/2018\/04\/II-Simposio-1024x621.jpg 1024w\" sizes=\"(max-width: 576px) 100vw, 576px\" \/><\/a><\/p>\n","protected":false},"excerpt":{"rendered":"<p>Durante los d\u00edas 15, 16 y 17 de Agosto de 2018 se llevar\u00e1 a cabo en el Departamento de Luminotecnia, Luz y Visi\u00f3n de la Universidad Nacional de Tucum\u00e1n y con auspicio del CONICET el II Simposio \u201cLa Luz en el museo y el cuidado del Patrimonio\u201d.\u00a0<\/p>\n","protected":false},"author":6,"featured_media":0,"comment_status":"closed","ping_status":"closed","sticky":false,"template":"","format":"standard","meta":[],"categories":[5],"tags":[],"_links":{"self":[{"href":"https:\/\/www.facet.unt.edu.ar\/facetinforma\/wp-json\/wp\/v2\/posts\/14313"}],"collection":[{"href":"https:\/\/www.facet.unt.edu.ar\/facetinforma\/wp-json\/wp\/v2\/posts"}],"about":[{"href":"https:\/\/www.facet.unt.edu.ar\/facetinforma\/wp-json\/wp\/v2\/types\/post"}],"author":[{"embeddable":true,"href":"https:\/\/www.facet.unt.edu.ar\/facetinforma\/wp-json\/wp\/v2\/users\/6"}],"replies":[{"embeddable":true,"href":"https:\/\/www.facet.unt.edu.ar\/facetinforma\/wp-json\/wp\/v2\/comments?post=14313"}],"version-history":[{"count":1,"href":"https:\/\/www.facet.unt.edu.ar\/facetinforma\/wp-json\/wp\/v2\/posts\/14313\/revisions"}],"predecessor-version":[{"id":14315,"href":"https:\/\/www.facet.unt.edu.ar\/facetinforma\/wp-json\/wp\/v2\/posts\/14313\/revisions\/14315"}],"wp:attachment":[{"href":"https:\/\/www.facet.unt.edu.ar\/facetinforma\/wp-json\/wp\/v2\/media?parent=14313"}],"wp:term":[{"taxonomy":"category","embeddable":true,"href":"https:\/\/www.facet.unt.edu.ar\/facetinforma\/wp-json\/wp\/v2\/categories?post=14313"},{"taxonomy":"post_tag","embeddable":true,"href":"https:\/\/www.facet.unt.edu.ar\/facetinforma\/wp-json\/wp\/v2\/tags?post=14313"}],"curies":[{"name":"wp","href":"https:\/\/api.w.org\/{rel}","templated":true}]}}