{"id":14366,"date":"2018-04-20T12:23:09","date_gmt":"2018-04-20T15:23:09","guid":{"rendered":"https:\/\/www.facet.unt.edu.ar\/facetinforma\/?p=14366"},"modified":"2018-04-25T12:51:52","modified_gmt":"2018-04-25T15:51:52","slug":"ii-edicion-de-voces-por-la-ciencia","status":"publish","type":"post","link":"https:\/\/www.facet.unt.edu.ar\/facetinforma\/2018\/04\/20\/ii-edicion-de-voces-por-la-ciencia\/","title":{"rendered":"II Edici\u00f3n de \u201cVoces por la Ciencia\u201d"},"content":{"rendered":"<p class=\"m-2106357539816619106m-8493038118842220642m2024785442341527416m-1387936658849693373ydpd3adba67yiv8574157168ydp19ce421amsonormal\" style=\"text-align: justify; line-height: 115%; background: white; margin: 0cm 0cm 6.0pt 0cm;\"><span style=\"font-size: 10.0pt; line-height: 115%; font-family: 'Arial','sans-serif'; color: black;\">Organizado por el Ateneo Cient\u00edficos Tucumanos, el s\u00e1bado 28 de Abril de 16 a 23 hs se realizar\u00e1 la II Edici\u00f3n de \u201cVoces por la Ciencia\u201d, en el Museo de la Universidad Nacional de Tucum\u00e1n e Instituto de Arqueolog\u00eda y Museo (MUNT\/IAM), San Mart\u00edn 1545, San Miguel de Tucum\u00e1n.\u00a0<\/span><!--more--><\/p>\n<p class=\"m-2106357539816619106m-8493038118842220642m2024785442341527416m-1387936658849693373ydpd3adba67yiv8574157168ydp19ce421amsonormal\" style=\"text-align: justify; line-height: 115%; background: white; font-variant-ligatures: normal; font-variant-caps: normal; orphans: 2; widows: 2; -webkit-text-stroke-width: 0px; text-decoration-style: initial; text-decoration-color: initial; word-spacing: 0px; margin: 0cm 0cm 6.0pt 0cm;\"><span style=\"font-size: 10.0pt; line-height: 115%; font-family: 'Arial','sans-serif'; color: black;\">El objetivo principal del evento es la divulgaci\u00f3n de la ciencia tucumana y su relaci\u00f3n con la comunidad. <\/span><\/p>\n<p class=\"m-2106357539816619106m-8493038118842220642m2024785442341527416m-1387936658849693373ydpd3adba67yiv8574157168ydp19ce421amsonormal\" style=\"text-align: justify; line-height: 115%; background: white; font-variant-ligatures: normal; font-variant-caps: normal; orphans: 2; widows: 2; -webkit-text-stroke-width: 0px; text-decoration-style: initial; text-decoration-color: initial; word-spacing: 0px; margin: 0cm 0cm 6.0pt 0cm;\"><span style=\"font-size: 10.0pt; line-height: 115%; font-family: 'Arial','sans-serif'; color: black;\">El mismo se estructura como una muestra interactiva y participativa de ciencia y tecnolog\u00eda con stands del CONICET, la Universidad Nacional de Tucum\u00e1n y otros organismos de ciencia, charlas, conversatorios, actividades para ni\u00f1os, radio abierta, entre otras actividades. <\/span><\/p>\n<p class=\"m-2106357539816619106m-8493038118842220642m2024785442341527416m-1387936658849693373ydpd3adba67yiv8574157168ydp19ce421amsonormal\" style=\"text-align: justify; line-height: 115%; background: white; font-variant-ligatures: normal; font-variant-caps: normal; orphans: 2; widows: 2; -webkit-text-stroke-width: 0px; text-decoration-style: initial; text-decoration-color: initial; word-spacing: 0px; margin: 0cm 0cm 6.0pt 0cm;\"><span style=\"font-size: 10.0pt; line-height: 115%; font-family: 'Arial','sans-serif'; color: black;\">Como parte de la ambientaci\u00f3n, y mostrando que el conocimiento cient\u00edfico est\u00e1 involucrado en cada actividad de nuestras vidas, contaremos con m\u00fasicos de varios estilos y puestos de comidas variadas.\u00a0<\/span><\/p>\n<p><a href=\"https:\/\/www.facet.unt.edu.ar\/facetinforma\/wp-content\/uploads\/sites\/9\/2018\/04\/VOCES-POR-LA-CIENCIA-2018.jpg\"><img decoding=\"async\" loading=\"lazy\" class=\"aligncenter wp-image-14368\" src=\"https:\/\/www.facet.unt.edu.ar\/facetinforma\/wp-content\/uploads\/sites\/9\/2018\/04\/VOCES-POR-LA-CIENCIA-2018.jpg\" alt=\"\" width=\"528\" height=\"273\" srcset=\"https:\/\/www.facet.unt.edu.ar\/facetinforma\/wp-content\/uploads\/sites\/9\/2018\/04\/VOCES-POR-LA-CIENCIA-2018.jpg 1005w, https:\/\/www.facet.unt.edu.ar\/facetinforma\/wp-content\/uploads\/sites\/9\/2018\/04\/VOCES-POR-LA-CIENCIA-2018-300x155.jpg 300w, https:\/\/www.facet.unt.edu.ar\/facetinforma\/wp-content\/uploads\/sites\/9\/2018\/04\/VOCES-POR-LA-CIENCIA-2018-768x397.jpg 768w\" sizes=\"(max-width: 528px) 100vw, 528px\" \/><\/a><\/p>\n","protected":false},"excerpt":{"rendered":"<p>Organizado por el Ateneo Cient\u00edficos Tucumanos, el s\u00e1bado 28 de Abril de 16 a 23 hs se realizar\u00e1 la II Edici\u00f3n de \u201cVoces por la Ciencia\u201d, en el Museo de la Universidad Nacional de Tucum\u00e1n e Instituto de Arqueolog\u00eda y Museo (MUNT\/IAM), San Mart\u00edn 1545, San Miguel de Tucum\u00e1n.\u00a0<\/p>\n","protected":false},"author":6,"featured_media":0,"comment_status":"closed","ping_status":"closed","sticky":false,"template":"","format":"standard","meta":[],"categories":[5],"tags":[],"_links":{"self":[{"href":"https:\/\/www.facet.unt.edu.ar\/facetinforma\/wp-json\/wp\/v2\/posts\/14366"}],"collection":[{"href":"https:\/\/www.facet.unt.edu.ar\/facetinforma\/wp-json\/wp\/v2\/posts"}],"about":[{"href":"https:\/\/www.facet.unt.edu.ar\/facetinforma\/wp-json\/wp\/v2\/types\/post"}],"author":[{"embeddable":true,"href":"https:\/\/www.facet.unt.edu.ar\/facetinforma\/wp-json\/wp\/v2\/users\/6"}],"replies":[{"embeddable":true,"href":"https:\/\/www.facet.unt.edu.ar\/facetinforma\/wp-json\/wp\/v2\/comments?post=14366"}],"version-history":[{"count":5,"href":"https:\/\/www.facet.unt.edu.ar\/facetinforma\/wp-json\/wp\/v2\/posts\/14366\/revisions"}],"predecessor-version":[{"id":14405,"href":"https:\/\/www.facet.unt.edu.ar\/facetinforma\/wp-json\/wp\/v2\/posts\/14366\/revisions\/14405"}],"wp:attachment":[{"href":"https:\/\/www.facet.unt.edu.ar\/facetinforma\/wp-json\/wp\/v2\/media?parent=14366"}],"wp:term":[{"taxonomy":"category","embeddable":true,"href":"https:\/\/www.facet.unt.edu.ar\/facetinforma\/wp-json\/wp\/v2\/categories?post=14366"},{"taxonomy":"post_tag","embeddable":true,"href":"https:\/\/www.facet.unt.edu.ar\/facetinforma\/wp-json\/wp\/v2\/tags?post=14366"}],"curies":[{"name":"wp","href":"https:\/\/api.w.org\/{rel}","templated":true}]}}