{"id":14393,"date":"2018-04-24T11:51:34","date_gmt":"2018-04-24T14:51:34","guid":{"rendered":"https:\/\/www.facet.unt.edu.ar\/facetinforma\/?p=14393"},"modified":"2018-04-24T13:19:28","modified_gmt":"2018-04-24T16:19:28","slug":"docente-de-la-facet-designada-secretaria-de-informacion-de-la-alage","status":"publish","type":"post","link":"https:\/\/www.facet.unt.edu.ar\/facetinforma\/2018\/04\/24\/docente-de-la-facet-designada-secretaria-de-informacion-de-la-alage\/","title":{"rendered":"Docente de la FACET designada Secretaria de Informaci\u00f3n de la ALAGE"},"content":{"rendered":"<p>La Dra. Mar\u00eda Graciela Molina fue electa como Secretaria de Informaci\u00f3n de la Asociaci\u00f3n Latinoamericana de Geof\u00edsica Espacial (ALAGE) para el per\u00edodo 2018-2020. Esta asociaci\u00f3n de car\u00e1cter internacional tiene como objetivos: impulsar el estudio e investigaci\u00f3n en los diferentes campos de la Geof\u00edsica Espacial, promover la integraci\u00f3n latinoamericana, reforzar las capacidades de desarrollo de instrumentaci\u00f3n, impulsar la formaci\u00f3n de recursos humanos e incentivar el trabajo multidisciplinario con otros campos como ser las Ciencias de la Computaci\u00f3n.\u00a0<!--more--><\/p>\n<p>La Dra. Molina es docente-investigadora del Departamento de Ciencias de la Computaci\u00f3n y del Laboratorio de Telecomunicaciones de la FACET.<\/p>\n<div id=\"attachment_14394\" style=\"width: 356px\" class=\"wp-caption aligncenter\"><a href=\"https:\/\/www.facet.unt.edu.ar\/facetinforma\/wp-content\/uploads\/sites\/9\/2018\/04\/foto_graciela.jpg\"><img aria-describedby=\"caption-attachment-14394\" decoding=\"async\" loading=\"lazy\" class=\"wp-image-14394\" src=\"https:\/\/www.facet.unt.edu.ar\/facetinforma\/wp-content\/uploads\/sites\/9\/2018\/04\/foto_graciela.jpg\" alt=\"\" width=\"346\" height=\"346\" srcset=\"https:\/\/www.facet.unt.edu.ar\/facetinforma\/wp-content\/uploads\/sites\/9\/2018\/04\/foto_graciela.jpg 423w, https:\/\/www.facet.unt.edu.ar\/facetinforma\/wp-content\/uploads\/sites\/9\/2018\/04\/foto_graciela-150x150.jpg 150w, https:\/\/www.facet.unt.edu.ar\/facetinforma\/wp-content\/uploads\/sites\/9\/2018\/04\/foto_graciela-300x300.jpg 300w\" sizes=\"(max-width: 346px) 100vw, 346px\" \/><\/a><p id=\"caption-attachment-14394\" class=\"wp-caption-text\">Dra. Mar\u00eda Graciela Molina<\/p><\/div>\n<p>Desde nuestra unidad acad\u00e9mica, le deseamos el mayor de los \u00e9xitos en esta nueva gesti\u00f3n.<\/p>\n","protected":false},"excerpt":{"rendered":"<p>La Dra. Mar\u00eda Graciela Molina fue electa como Secretaria de Informaci\u00f3n de la Asociaci\u00f3n Latinoamericana de Geof\u00edsica Espacial (ALAGE) para el per\u00edodo 2018-2020. Esta asociaci\u00f3n de car\u00e1cter internacional tiene como objetivos: impulsar el estudio e investigaci\u00f3n en los diferentes campos de la Geof\u00edsica Espacial, promover la integraci\u00f3n latinoamericana, reforzar las capacidades de desarrollo de instrumentaci\u00f3n, [&hellip;]<\/p>\n","protected":false},"author":6,"featured_media":0,"comment_status":"closed","ping_status":"closed","sticky":false,"template":"","format":"standard","meta":[],"categories":[5],"tags":[],"_links":{"self":[{"href":"https:\/\/www.facet.unt.edu.ar\/facetinforma\/wp-json\/wp\/v2\/posts\/14393"}],"collection":[{"href":"https:\/\/www.facet.unt.edu.ar\/facetinforma\/wp-json\/wp\/v2\/posts"}],"about":[{"href":"https:\/\/www.facet.unt.edu.ar\/facetinforma\/wp-json\/wp\/v2\/types\/post"}],"author":[{"embeddable":true,"href":"https:\/\/www.facet.unt.edu.ar\/facetinforma\/wp-json\/wp\/v2\/users\/6"}],"replies":[{"embeddable":true,"href":"https:\/\/www.facet.unt.edu.ar\/facetinforma\/wp-json\/wp\/v2\/comments?post=14393"}],"version-history":[{"count":5,"href":"https:\/\/www.facet.unt.edu.ar\/facetinforma\/wp-json\/wp\/v2\/posts\/14393\/revisions"}],"predecessor-version":[{"id":14401,"href":"https:\/\/www.facet.unt.edu.ar\/facetinforma\/wp-json\/wp\/v2\/posts\/14393\/revisions\/14401"}],"wp:attachment":[{"href":"https:\/\/www.facet.unt.edu.ar\/facetinforma\/wp-json\/wp\/v2\/media?parent=14393"}],"wp:term":[{"taxonomy":"category","embeddable":true,"href":"https:\/\/www.facet.unt.edu.ar\/facetinforma\/wp-json\/wp\/v2\/categories?post=14393"},{"taxonomy":"post_tag","embeddable":true,"href":"https:\/\/www.facet.unt.edu.ar\/facetinforma\/wp-json\/wp\/v2\/tags?post=14393"}],"curies":[{"name":"wp","href":"https:\/\/api.w.org\/{rel}","templated":true}]}}