{"id":1440,"date":"2012-07-24T12:15:11","date_gmt":"2012-07-24T12:15:11","guid":{"rendered":"http:\/\/www1.herrera.unt.edu.ar\/facetinforma\/?p=1440"},"modified":"2012-07-24T12:15:11","modified_gmt":"2012-07-24T12:15:11","slug":"tercera-circular-viii-jornadas-de-ciencia-y-tecnologia-del-noa-2","status":"publish","type":"post","link":"https:\/\/www.facet.unt.edu.ar\/facetinforma\/2012\/07\/24\/tercera-circular-viii-jornadas-de-ciencia-y-tecnologia-del-noa-2\/","title":{"rendered":"Tercera Circular VIII Jornadas de Ciencia y Tecnolog\u00eda del NOA"},"content":{"rendered":"<p style=\"text-align: center\" align=\"center\"><span style=\"color: #333399\"><strong>VIII Jornadas de Ciencia y Tecnolog\u00eda de Facultades de Ingenier\u00eda\u00a0 del NOA<\/strong><\/span><\/p>\n<p style=\"text-align: center\" align=\"center\"><span style=\"color: #333399\"><strong>\u00a0\u00a0 Tucum\u00e1n, 27 y 28 de Setiembre de 2012<\/strong><\/span><\/p>\n<p style=\"text-align: justify\">El Comit\u00e9 Organizador de las <strong>VIII Jornadas de Ciencia y Tecnolog\u00eda de las Facultades de Ingenier\u00eda del NOA <\/strong>que se llevar\u00e1n a cabo en San Miguel de Tucum\u00e1n los d\u00edas 27 y 28 de Setiembre del corriente a\u00f1o, recuerda que se encuentra pr\u00f3ximo el vencimiento para env\u00edo de trabajos.<\/p>\n<table border=\"0\">\n<tbody>\n<tr>\n<td style=\"border-color: #cccccc;border-style: solid;border-width: 1px\">INICIO de CONVOCATORIA<\/td>\n<td style=\"border-color: #cccccc;border-style: solid;border-width: 1px\"><strong>24 de Mayo de 2012<\/strong><\/td>\n<\/tr>\n<tr>\n<td style=\"border-color: #cccccc;border-style: solid;border-width: 1px\"><span style=\"color: #ff0000\"><strong>FECHA L\u00cdMITE de ENV\u00cdO <\/strong><\/span><\/td>\n<td style=\"border-color: #cccccc;border-style: solid;border-width: 1px\"><span style=\"color: #ff0000\"><strong>Viernes 3 de Agosto de 2012<\/strong><\/span><\/td>\n<\/tr>\n<tr>\n<td style=\"border-color: #cccccc;border-style: solid;border-width: 1px\">PERIODO de REVISI\u00d3N<\/td>\n<td style=\"border-color: #cccccc;border-style: solid;border-width: 1px\"><strong>20 de Agosto de 2012<\/strong><\/td>\n<\/tr>\n<tr>\n<td style=\"border-color: #cccccc;border-style: solid;border-width: 1px\">NOTIFICACI\u00d3N de ACEPTACI\u00d3N<\/td>\n<td style=\"border-color: #cccccc;border-style: solid;border-width: 1px\"><strong>24 de Agosto de 2012<\/strong><\/td>\n<\/tr>\n<tr>\n<td style=\"border-color: #cccccc;border-style: solid;border-width: 1px\">FECHA TOPE para INSCRIPCI\u00d3N<\/td>\n<td style=\"border-color: #cccccc;border-style: solid;border-width: 1px\"><strong>31 de Agosto de 2012 <\/strong><\/td>\n<\/tr>\n<tr>\n<td style=\"border-color: #cccccc;border-style: solid;border-width: 1px\">ENVIO de ART\u00cdCULO CORREGIDO<\/td>\n<td style=\"border-color: #cccccc;border-style: solid;border-width: 1px\"><strong>3 de Setiembre de 2012<\/strong><\/td>\n<\/tr>\n<\/tbody>\n<\/table>\n<p style=\"text-align: justify\">Por otro lado el Comit\u00e9 Organizador ha realizado un esfuerzo por <strong>mantener los precios de la Inscripci\u00f3n a las Jornadas a los valores del a\u00f1o anterior para expositores y alumnos<\/strong>.<\/p>\n<p style=\"text-align: justify\">Expositores\u2026\u2026\u2026\u2026\u2026\u2026\u2026\u2026\u2026\u2026\u2026\u2026\u2026\u2026\u2026..$400<\/p>\n<p style=\"text-align: justify\">Asistentes\u2026\u2026\u2026\u2026\u2026\u2026\u2026\u2026\u2026\u2026\u2026\u2026\u2026\u2026\u2026\u2026..$300<\/p>\n<p style=\"text-align: justify\">Alumnos\u2026\u2026\u2026\u2026\u2026\u2026\u2026\u2026\u2026\u2026\u2026\u2026\u2026\u2026\u2026\u2026\u2026\u2026$50<\/p>\n<p style=\"text-align: justify\">El <strong>pago<\/strong> de los montos mencionados incluye:\u00a0\u00a0<\/p>\n<ul style=\"text-align: justify\">\n<li>Carpeta con Programa e informaci\u00f3n tur\u00edstica.<\/li>\n<li>CD con los trabajos completos.<\/li>\n<li>Libro de Res\u00famenes (no disponible para alumnos).<\/li>\n<li>Servicio de Cafeter\u00eda para ambos d\u00edas\u00a0 y Lunch del d\u00eda viernes.\u00a0\u00a0<\/li>\n<\/ul>\n<p style=\"text-align: justify\">La <strong>Coordinaci\u00f3n de Actividades Estudiantiles<\/strong> informa:<\/p>\n<ul style=\"text-align: justify\">\n<li>Los Minicursos est\u00e1n incluidos en el precio de la inscripci\u00f3n y cada alumno s\u00f3lo podr\u00e1 inscribirse en 1 (uno) curso.<\/li>\n<li>Si los alumnos desean participar como expositores, deber\u00e1n estar avalados por una autoridad\/docente competente de la Unidad Acad\u00e9mica a la que pertenecen. Se recomienda que los Secretarios de Ciencia y T\u00e9cnica o de Investigaci\u00f3n de cada Facultad sean quienes avalen estas presentaciones. En tal caso, los alumnos expositores deber\u00e1n inscribirse como tales (ver Instrucciones para autores en <strong><a href=\"http:\/\/www.jctnoa.unt.edu.ar\">www.jctnoa.unt.edu.ar<\/a><\/strong>).<\/li>\n<li>En breve, se dispondr\u00e1 del Listado de Minicursos propuestos y los Alojamientos posibles.<\/li>\n<\/ul>\n<p style=\"text-align: justify\">Toda la informaci\u00f3n referida a estas Jornadas se encuentra disponible en: <strong><a href=\"http:\/\/www.jctnoa.unt.edu.ar\">www.jctnoa.unt.edu.ar<\/a><\/strong><\/p>\n<p style=\"text-align: justify\">Por cualquier inquietud, dirigirse al Correo Electr\u00f3nico de las Jornadas: <strong><a href=\"mailto:cytfacet@herrera.unt.edu.ar\">cytfacet@herrera.unt.edu.ar<\/a><\/strong><\/p>\n<p style=\"text-align: justify\">Saludos cordiales,<\/p>\n<h6><span style=\"font-size: x-small\">&#8212;<\/span><br \/><span style=\"font-size: x-small\"> Dra. Myriam Herrera<\/span><br \/><span style=\"font-size: x-small\"> Secretaria General VII JCTNOA 2012<\/span><br \/><span style=\"font-size: x-small\"> DEPARTAMENTO DE CIENCIA Y T\u00c9CNICA <\/span><br \/><span style=\"font-size: x-small\"> FACET- UNT<\/span><\/h6>\n","protected":false},"excerpt":{"rendered":"<p>VIII Jornadas de Ciencia y Tecnolog\u00eda de Facultades de Ingenier\u00eda\u00a0 del NOA \u00a0\u00a0 Tucum\u00e1n, 27 y 28 de Setiembre de 2012 El Comit\u00e9 Organizador de las VIII Jornadas de Ciencia y Tecnolog\u00eda de las Facultades de Ingenier\u00eda del NOA que se llevar\u00e1n a cabo en San Miguel de Tucum\u00e1n los d\u00edas 27 y 28 de [&hellip;]<\/p>\n","protected":false},"author":6,"featured_media":0,"comment_status":"closed","ping_status":"open","sticky":false,"template":"","format":"standard","meta":[],"categories":[5],"tags":[],"_links":{"self":[{"href":"https:\/\/www.facet.unt.edu.ar\/facetinforma\/wp-json\/wp\/v2\/posts\/1440"}],"collection":[{"href":"https:\/\/www.facet.unt.edu.ar\/facetinforma\/wp-json\/wp\/v2\/posts"}],"about":[{"href":"https:\/\/www.facet.unt.edu.ar\/facetinforma\/wp-json\/wp\/v2\/types\/post"}],"author":[{"embeddable":true,"href":"https:\/\/www.facet.unt.edu.ar\/facetinforma\/wp-json\/wp\/v2\/users\/6"}],"replies":[{"embeddable":true,"href":"https:\/\/www.facet.unt.edu.ar\/facetinforma\/wp-json\/wp\/v2\/comments?post=1440"}],"version-history":[{"count":0,"href":"https:\/\/www.facet.unt.edu.ar\/facetinforma\/wp-json\/wp\/v2\/posts\/1440\/revisions"}],"wp:attachment":[{"href":"https:\/\/www.facet.unt.edu.ar\/facetinforma\/wp-json\/wp\/v2\/media?parent=1440"}],"wp:term":[{"taxonomy":"category","embeddable":true,"href":"https:\/\/www.facet.unt.edu.ar\/facetinforma\/wp-json\/wp\/v2\/categories?post=1440"},{"taxonomy":"post_tag","embeddable":true,"href":"https:\/\/www.facet.unt.edu.ar\/facetinforma\/wp-json\/wp\/v2\/tags?post=1440"}],"curies":[{"name":"wp","href":"https:\/\/api.w.org\/{rel}","templated":true}]}}