{"id":14426,"date":"2018-05-02T12:00:16","date_gmt":"2018-05-02T15:00:16","guid":{"rendered":"https:\/\/www.facet.unt.edu.ar\/facetinforma\/?p=14426"},"modified":"2018-05-03T12:32:13","modified_gmt":"2018-05-03T15:32:13","slug":"seminario-la-transformacion-digital-y-el-poder-de-los-datos-en-las-empresas","status":"publish","type":"post","link":"https:\/\/www.facet.unt.edu.ar\/facetinforma\/2018\/05\/02\/seminario-la-transformacion-digital-y-el-poder-de-los-datos-en-las-empresas\/","title":{"rendered":"Seminario \u201cLa Transformaci\u00f3n Digital y el Poder de los Datos en las Empresas\u201d"},"content":{"rendered":"<p>Se invita a la comunidad universitaria al seminario sobre \u201c<strong>La Transformaci\u00f3n Digital y el Poder de los Datos en las Empresas<\/strong>\u201d, a cargo de la <strong>Prof.<\/strong> <strong>Stella Salvatierra <\/strong>(Facultad de Ciencias Econ\u00f3micas y Empresariales, Universidad de Navarra, Pamplona, Espa\u00f1a). El mismo se llevar\u00e1 a cabo el viernes 4 de Mayo, a las 10:30 hs, en la Sala de Medios Audiovisuales, 1er Piso, Block 3, de la FACET.\u00a0<!--more--><\/p>\n<p>El avance de la tecnolog\u00eda y el abaratamiento de costes para recoger y almacenar informaci\u00f3n, ha llevado a la creaci\u00f3n de bases de datos de tama\u00f1os ingentes y con un volumen que crece exponencialmente cada d\u00eda. Las empresas pueden generar valor a partir de esos datos y esto les proporciona una ventaja competitiva fundamental. La estrategia \u201cdata driven\u201d ahorra dinero y aumenta la eficiencia. El nuevo paradigma basado en datos aporta grandes beneficios en la toma de decisiones de una empresa.<\/p>\n<p>El objetivo de la conferencia es mostrar cu\u00e1l es la importancia de los datos y dar ejemplos de proyectos que generan valor para la empresa. Se discutir\u00e1n casos de prevenci\u00f3n de fallos y mantenimiento de maquinarias, mejora en la l\u00ednea de producci\u00f3n de empresas automotrices, Retail y Banca, entre otros. Se comentar\u00e1 la potencia del \u201cBig Data\u201d y tambi\u00e9n del \u201cSmall Data\u201d como base para un modelo de negocio m\u00e1s competitivo.<\/p>\n<p>La entrada es libre y gratuita.<\/p>\n<p><u>Sobre la disertante<\/u>:<br \/>\nProfesora de la Facultad de Ciencias Econ\u00f3micas y Empresariales, Universidad de Navarra, Pamplona, Espa\u00f1a.<br \/>\nPh. D. in Statistics Carnegie Mellon University, Pittsburgh, Estados Unidos.<br \/>\nDirectora de Business Analytics. A cargo del dise\u00f1o y la coordinaci\u00f3n de la nueva menci\u00f3n en Data Analytics y de la direcci\u00f3n de proyectos de Big Data en la Facultad desde 2016.<br \/>\nSubdirectora del Programa de Especializaci\u00f3n en Big Data (Instituto Cultura y Sociedad, Uni-versidad de Navarra) desde 2017.<\/p>\n<p><a href=\"https:\/\/www.facet.unt.edu.ar\/facetinforma\/wp-content\/uploads\/sites\/9\/2018\/05\/afiches1.jpg\"><img decoding=\"async\" loading=\"lazy\" class=\"aligncenter wp-image-14437\" src=\"https:\/\/www.facet.unt.edu.ar\/facetinforma\/wp-content\/uploads\/sites\/9\/2018\/05\/afiches1.jpg\" alt=\"\" width=\"567\" height=\"816\" srcset=\"https:\/\/www.facet.unt.edu.ar\/facetinforma\/wp-content\/uploads\/sites\/9\/2018\/05\/afiches1.jpg 3439w, https:\/\/www.facet.unt.edu.ar\/facetinforma\/wp-content\/uploads\/sites\/9\/2018\/05\/afiches1-208x300.jpg 208w, https:\/\/www.facet.unt.edu.ar\/facetinforma\/wp-content\/uploads\/sites\/9\/2018\/05\/afiches1-768x1105.jpg 768w, https:\/\/www.facet.unt.edu.ar\/facetinforma\/wp-content\/uploads\/sites\/9\/2018\/05\/afiches1-711x1024.jpg 711w\" sizes=\"(max-width: 567px) 100vw, 567px\" \/><\/a><\/p>\n","protected":false},"excerpt":{"rendered":"<p>Se invita a la comunidad universitaria al seminario sobre \u201cLa Transformaci\u00f3n Digital y el Poder de los Datos en las Empresas\u201d, a cargo de la Prof. Stella Salvatierra (Facultad de Ciencias Econ\u00f3micas y Empresariales, Universidad de Navarra, Pamplona, Espa\u00f1a). El mismo se llevar\u00e1 a cabo el viernes 4 de Mayo, a las 10:30 hs, en [&hellip;]<\/p>\n","protected":false},"author":6,"featured_media":0,"comment_status":"closed","ping_status":"closed","sticky":false,"template":"","format":"standard","meta":[],"categories":[5],"tags":[],"_links":{"self":[{"href":"https:\/\/www.facet.unt.edu.ar\/facetinforma\/wp-json\/wp\/v2\/posts\/14426"}],"collection":[{"href":"https:\/\/www.facet.unt.edu.ar\/facetinforma\/wp-json\/wp\/v2\/posts"}],"about":[{"href":"https:\/\/www.facet.unt.edu.ar\/facetinforma\/wp-json\/wp\/v2\/types\/post"}],"author":[{"embeddable":true,"href":"https:\/\/www.facet.unt.edu.ar\/facetinforma\/wp-json\/wp\/v2\/users\/6"}],"replies":[{"embeddable":true,"href":"https:\/\/www.facet.unt.edu.ar\/facetinforma\/wp-json\/wp\/v2\/comments?post=14426"}],"version-history":[{"count":5,"href":"https:\/\/www.facet.unt.edu.ar\/facetinforma\/wp-json\/wp\/v2\/posts\/14426\/revisions"}],"predecessor-version":[{"id":14452,"href":"https:\/\/www.facet.unt.edu.ar\/facetinforma\/wp-json\/wp\/v2\/posts\/14426\/revisions\/14452"}],"wp:attachment":[{"href":"https:\/\/www.facet.unt.edu.ar\/facetinforma\/wp-json\/wp\/v2\/media?parent=14426"}],"wp:term":[{"taxonomy":"category","embeddable":true,"href":"https:\/\/www.facet.unt.edu.ar\/facetinforma\/wp-json\/wp\/v2\/categories?post=14426"},{"taxonomy":"post_tag","embeddable":true,"href":"https:\/\/www.facet.unt.edu.ar\/facetinforma\/wp-json\/wp\/v2\/tags?post=14426"}],"curies":[{"name":"wp","href":"https:\/\/api.w.org\/{rel}","templated":true}]}}