{"id":14428,"date":"2018-05-02T12:07:46","date_gmt":"2018-05-02T15:07:46","guid":{"rendered":"https:\/\/www.facet.unt.edu.ar\/facetinforma\/?p=14428"},"modified":"2018-05-02T12:07:46","modified_gmt":"2018-05-02T15:07:46","slug":"primeras-jornadas-argentinas-de-didactica-de-la-programacion-jadipro","status":"publish","type":"post","link":"https:\/\/www.facet.unt.edu.ar\/facetinforma\/2018\/05\/02\/primeras-jornadas-argentinas-de-didactica-de-la-programacion-jadipro\/","title":{"rendered":"Primeras Jornadas Argentinas de Did\u00e1ctica de la Programaci\u00f3n (JADIPro)"},"content":{"rendered":"<p>Se invita a la comunidad de la FACET a participar de las 1eras Jornadas Argentinas de Did\u00e1ctica de la Programaci\u00f3n (JADIPro) que se llevar\u00e1n a cabo del 31 de mayo al 1 de junio del corriente a\u00f1o, en la Universidad Nacional de Quilmes, Bernal, Buenos Aires.\u00a0<!--more--><\/p>\n<p>Estas jornadas tienen la finalidad de propiciar el encuentro de investigadores, docentes y estudiantes que est\u00e9n interesados en el tema; fomentar la discusi\u00f3n acad\u00e9mica sobre la did\u00e1ctica de la programaci\u00f3n y la formaci\u00f3n de una red de intercambio de experiencias e informaci\u00f3n que beneficie a todos los participantes.<\/p>\n<p><u>Destinatarios<\/u><br \/>\nDocentes de escuelas primarias y secundarias que se encuentren dictando materias vinculadas con programaci\u00f3n y TICs, investigadores y docentes universitarios que se encuentran trabajando en esta tem\u00e1tica.<\/p>\n<p><span style=\"text-decoration: underline;\">Fechas importantes<\/span><br \/>\nFecha l\u00edmite para recepci\u00f3n de propuestas de p\u00f3steres: 4 de mayo de 2018<br \/>\nNotificaci\u00f3n de aceptaci\u00f3n de propuestas: 17 de mayo de 2018<br \/>\nEnv\u00edo de los p\u00f3steres en formato electr\u00f3nico: 24 de mayo de 2018<br \/>\nRealizaci\u00f3n de las jornadas: 31 de mayo y 1 de junio de 2018<\/p>\n<p>Para mayores informes se adjunta el siguiente archivo:\u00a0<a href=\"https:\/\/www.facet.unt.edu.ar\/facetinforma\/wp-content\/uploads\/sites\/9\/2018\/05\/LlamadoAParticipacion-1erasJADiPro.pdf\" target=\"_blank\" rel=\"noopener\">Primeras JADiPro.pdf<\/a><\/p>\n<p>P\u00e1gina web de las jornadas: <a href=\"http:\/\/jadipro.unq.edu.ar\" target=\"_blank\" rel=\"noopener\">http:\/\/jadipro.unq.edu.ar<\/a><\/p>\n<p><a href=\"https:\/\/www.facet.unt.edu.ar\/facetinforma\/wp-content\/uploads\/sites\/9\/2018\/05\/AFICHE-JADI.jpg\"><img decoding=\"async\" loading=\"lazy\" class=\"aligncenter  wp-image-14430\" src=\"https:\/\/www.facet.unt.edu.ar\/facetinforma\/wp-content\/uploads\/sites\/9\/2018\/05\/AFICHE-JADI.jpg\" alt=\"\" width=\"556\" height=\"209\" srcset=\"https:\/\/www.facet.unt.edu.ar\/facetinforma\/wp-content\/uploads\/sites\/9\/2018\/05\/AFICHE-JADI.jpg 1211w, https:\/\/www.facet.unt.edu.ar\/facetinforma\/wp-content\/uploads\/sites\/9\/2018\/05\/AFICHE-JADI-300x113.jpg 300w, https:\/\/www.facet.unt.edu.ar\/facetinforma\/wp-content\/uploads\/sites\/9\/2018\/05\/AFICHE-JADI-768x289.jpg 768w, https:\/\/www.facet.unt.edu.ar\/facetinforma\/wp-content\/uploads\/sites\/9\/2018\/05\/AFICHE-JADI-1024x385.jpg 1024w\" sizes=\"(max-width: 556px) 100vw, 556px\" \/><\/a><\/p>\n","protected":false},"excerpt":{"rendered":"<p>Se invita a la comunidad de la FACET a participar de las 1eras Jornadas Argentinas de Did\u00e1ctica de la Programaci\u00f3n (JADIPro) que se llevar\u00e1n a cabo del 31 de mayo al 1 de junio del corriente a\u00f1o, en la Universidad Nacional de Quilmes, Bernal, Buenos Aires.\u00a0<\/p>\n","protected":false},"author":6,"featured_media":0,"comment_status":"closed","ping_status":"closed","sticky":false,"template":"","format":"standard","meta":[],"categories":[5],"tags":[],"_links":{"self":[{"href":"https:\/\/www.facet.unt.edu.ar\/facetinforma\/wp-json\/wp\/v2\/posts\/14428"}],"collection":[{"href":"https:\/\/www.facet.unt.edu.ar\/facetinforma\/wp-json\/wp\/v2\/posts"}],"about":[{"href":"https:\/\/www.facet.unt.edu.ar\/facetinforma\/wp-json\/wp\/v2\/types\/post"}],"author":[{"embeddable":true,"href":"https:\/\/www.facet.unt.edu.ar\/facetinforma\/wp-json\/wp\/v2\/users\/6"}],"replies":[{"embeddable":true,"href":"https:\/\/www.facet.unt.edu.ar\/facetinforma\/wp-json\/wp\/v2\/comments?post=14428"}],"version-history":[{"count":1,"href":"https:\/\/www.facet.unt.edu.ar\/facetinforma\/wp-json\/wp\/v2\/posts\/14428\/revisions"}],"predecessor-version":[{"id":14431,"href":"https:\/\/www.facet.unt.edu.ar\/facetinforma\/wp-json\/wp\/v2\/posts\/14428\/revisions\/14431"}],"wp:attachment":[{"href":"https:\/\/www.facet.unt.edu.ar\/facetinforma\/wp-json\/wp\/v2\/media?parent=14428"}],"wp:term":[{"taxonomy":"category","embeddable":true,"href":"https:\/\/www.facet.unt.edu.ar\/facetinforma\/wp-json\/wp\/v2\/categories?post=14428"},{"taxonomy":"post_tag","embeddable":true,"href":"https:\/\/www.facet.unt.edu.ar\/facetinforma\/wp-json\/wp\/v2\/tags?post=14428"}],"curies":[{"name":"wp","href":"https:\/\/api.w.org\/{rel}","templated":true}]}}