{"id":14453,"date":"2018-05-04T12:09:40","date_gmt":"2018-05-04T15:09:40","guid":{"rendered":"https:\/\/www.facet.unt.edu.ar\/facetinforma\/?p=14453"},"modified":"2018-05-22T13:50:35","modified_gmt":"2018-05-22T16:50:35","slug":"prorroga-presentacion-de-resumenes-xii-congreso-argentino-de-mecanica-computacional-mecom-2018","status":"publish","type":"post","link":"https:\/\/www.facet.unt.edu.ar\/facetinforma\/2018\/05\/04\/prorroga-presentacion-de-resumenes-xii-congreso-argentino-de-mecanica-computacional-mecom-2018\/","title":{"rendered":"Pr\u00f3rroga presentaci\u00f3n de res\u00famenes &#8211; XII Congreso Argentino de Mec\u00e1nica Computacional MECOM 2018"},"content":{"rendered":"<p>El XII Congreso Argentino de Mec\u00e1nica Computacional \u2013 MECOM 2018, organizado por la Facultad de Ciencias Exactas y Tecnolog\u00eda de la UNT y la Asociaci\u00f3n Argentina de Mec\u00e1nica Computacional, se llevar\u00e1 a cabo los d\u00edas 6 al 9 de noviembre del corriente a\u00f1o, en la ciudad de Yerba Buena, Tucum\u00e1n, Argentina.\u00a0\u00a0El llamado a presentaci\u00f3n de res\u00famenes se prorrog\u00f3 hasta el d\u00eda <span style=\"color: #ff0000;\"><strong>14 de Mayo de 2018<\/strong><\/span>.<!--more--><\/p>\n<p>Los congresos MECOM\/ENIEF son los \u00fanicos eventos de la especialidad en el pa\u00eds. Su objetivo es crear un espacio de colaboraci\u00f3n y cooperaci\u00f3n entre cient\u00edficos, docentes y profesionales que emplean la Mec\u00e1nica Computacional y las m\u00e1s avanzadas t\u00e9cnicas num\u00e9ricas para tratar complejos problemas de la ingenier\u00eda, la industria, la f\u00edsica y la matem\u00e1tica, cuya soluci\u00f3n requiere necesariamente de la aplicaci\u00f3n de tales m\u00e9todos computacionales.<\/p>\n<p>M\u00e1s informaci\u00f3n en: <a href=\"https:\/\/www.facet.unt.edu.ar\/mecom2018\/\" target=\"_blank\" rel=\"noopener\">https:\/\/www.facet.unt.edu.ar\/mecom2018\/<\/a><\/p>\n<p>Por consultas enviar mail a :\u00a0<a href=\"mailto:mecom2018@herrera.unt.edu.ar\" target=\"_blank\" rel=\"noopener\">mecom2018@herrera.unt.edu.ar<\/a><\/p>\n<p><a href=\"https:\/\/www.facet.unt.edu.ar\/facetinforma\/wp-content\/uploads\/sites\/9\/2018\/05\/CURSO-DE-POSGRADO-PRORROGA.jpg\"><img decoding=\"async\" loading=\"lazy\" class=\"aligncenter wp-image-14454\" src=\"https:\/\/www.facet.unt.edu.ar\/facetinforma\/wp-content\/uploads\/sites\/9\/2018\/05\/CURSO-DE-POSGRADO-PRORROGA.jpg\" alt=\"\" width=\"525\" height=\"741\" srcset=\"https:\/\/www.facet.unt.edu.ar\/facetinforma\/wp-content\/uploads\/sites\/9\/2018\/05\/CURSO-DE-POSGRADO-PRORROGA.jpg 2486w, https:\/\/www.facet.unt.edu.ar\/facetinforma\/wp-content\/uploads\/sites\/9\/2018\/05\/CURSO-DE-POSGRADO-PRORROGA-213x300.jpg 213w, https:\/\/www.facet.unt.edu.ar\/facetinforma\/wp-content\/uploads\/sites\/9\/2018\/05\/CURSO-DE-POSGRADO-PRORROGA-768x1084.jpg 768w, https:\/\/www.facet.unt.edu.ar\/facetinforma\/wp-content\/uploads\/sites\/9\/2018\/05\/CURSO-DE-POSGRADO-PRORROGA-725x1024.jpg 725w\" sizes=\"(max-width: 525px) 100vw, 525px\" \/><\/a><\/p>\n","protected":false},"excerpt":{"rendered":"<p>El XII Congreso Argentino de Mec\u00e1nica Computacional \u2013 MECOM 2018, organizado por la Facultad de Ciencias Exactas y Tecnolog\u00eda de la UNT y la Asociaci\u00f3n Argentina de Mec\u00e1nica Computacional, se llevar\u00e1 a cabo los d\u00edas 6 al 9 de noviembre del corriente a\u00f1o, en la ciudad de Yerba Buena, Tucum\u00e1n, Argentina.\u00a0\u00a0El llamado a presentaci\u00f3n de [&hellip;]<\/p>\n","protected":false},"author":6,"featured_media":0,"comment_status":"closed","ping_status":"closed","sticky":false,"template":"","format":"standard","meta":[],"categories":[5],"tags":[],"_links":{"self":[{"href":"https:\/\/www.facet.unt.edu.ar\/facetinforma\/wp-json\/wp\/v2\/posts\/14453"}],"collection":[{"href":"https:\/\/www.facet.unt.edu.ar\/facetinforma\/wp-json\/wp\/v2\/posts"}],"about":[{"href":"https:\/\/www.facet.unt.edu.ar\/facetinforma\/wp-json\/wp\/v2\/types\/post"}],"author":[{"embeddable":true,"href":"https:\/\/www.facet.unt.edu.ar\/facetinforma\/wp-json\/wp\/v2\/users\/6"}],"replies":[{"embeddable":true,"href":"https:\/\/www.facet.unt.edu.ar\/facetinforma\/wp-json\/wp\/v2\/comments?post=14453"}],"version-history":[{"count":2,"href":"https:\/\/www.facet.unt.edu.ar\/facetinforma\/wp-json\/wp\/v2\/posts\/14453\/revisions"}],"predecessor-version":[{"id":14462,"href":"https:\/\/www.facet.unt.edu.ar\/facetinforma\/wp-json\/wp\/v2\/posts\/14453\/revisions\/14462"}],"wp:attachment":[{"href":"https:\/\/www.facet.unt.edu.ar\/facetinforma\/wp-json\/wp\/v2\/media?parent=14453"}],"wp:term":[{"taxonomy":"category","embeddable":true,"href":"https:\/\/www.facet.unt.edu.ar\/facetinforma\/wp-json\/wp\/v2\/categories?post=14453"},{"taxonomy":"post_tag","embeddable":true,"href":"https:\/\/www.facet.unt.edu.ar\/facetinforma\/wp-json\/wp\/v2\/tags?post=14453"}],"curies":[{"name":"wp","href":"https:\/\/api.w.org\/{rel}","templated":true}]}}