{"id":14495,"date":"2018-05-15T18:41:39","date_gmt":"2018-05-15T21:41:39","guid":{"rendered":"https:\/\/www.facet.unt.edu.ar\/facetinforma\/?p=14495"},"modified":"2018-05-15T19:34:03","modified_gmt":"2018-05-15T22:34:03","slug":"hoy-asumieron-las-autoridades-electas-en-la-facet","status":"publish","type":"post","link":"https:\/\/www.facet.unt.edu.ar\/facetinforma\/2018\/05\/15\/hoy-asumieron-las-autoridades-electas-en-la-facet\/","title":{"rendered":"Hoy asumieron las autoridades electas en la FACET"},"content":{"rendered":"<p>Durante la ma\u00f1ana de hoy, asumieron las nuevas autoridades de la FACET, habiendo resultado electos en el proceso electoral del 9 de Mayo del corriente a\u00f1o.\u00a0<!--more--><\/p>\n<p>En el acto estuvieron presentes el Sr. Decano, <strong>Dr. Ing<\/strong>.<strong> Miguel \u00c1ngel Cabrera<\/strong>; el Sr. Vicedecano, <strong>Mg. Ing.<\/strong> <strong>Eduardo Martel<\/strong>, los miembros de su Gabinete, el <strong>Ing. Sergio Pagani<\/strong> (Decano saliente), la <strong>Lic.<\/strong> <strong>Patricia Fern\u00e1ndez<\/strong> (Vicedecana saliente), miembros del Consejo Directivo, Jefes de Departamentos, Directores de Carrera, miembros del Gabinete de la gesti\u00f3n anterior, Docentes, No Docentes, as\u00ed como invitados especiales, familiares y amigos.<\/p>\n<p><a href=\"https:\/\/www.facet.unt.edu.ar\/facetinforma\/wp-content\/uploads\/sites\/9\/2018\/05\/foto-2.png\"><img decoding=\"async\" loading=\"lazy\" class=\"aligncenter  wp-image-14508\" src=\"https:\/\/www.facet.unt.edu.ar\/facetinforma\/wp-content\/uploads\/sites\/9\/2018\/05\/foto-2.png\" alt=\"\" width=\"591\" height=\"432\" srcset=\"https:\/\/www.facet.unt.edu.ar\/facetinforma\/wp-content\/uploads\/sites\/9\/2018\/05\/foto-2.png 3418w, https:\/\/www.facet.unt.edu.ar\/facetinforma\/wp-content\/uploads\/sites\/9\/2018\/05\/foto-2-300x219.png 300w, https:\/\/www.facet.unt.edu.ar\/facetinforma\/wp-content\/uploads\/sites\/9\/2018\/05\/foto-2-768x562.png 768w, https:\/\/www.facet.unt.edu.ar\/facetinforma\/wp-content\/uploads\/sites\/9\/2018\/05\/foto-2-1024x749.png 1024w\" sizes=\"(max-width: 591px) 100vw, 591px\" \/><\/a><\/p>\n<p>&nbsp;<\/p>\n<p>El Ing. Sergio Pagani procedi\u00f3 a la toma de juramento del Sr. Decano, Dr. Ing. Miguel \u00c1ngel Cabrera quien, a su vez, tom\u00f3 la jura al Sr. Vicedecano, Mg. Ing. Eduardo Martel y a los miembros de su gabinete: el Sr. Secretario Acad\u00e9mico, <strong>Dr. Ing. Nicol\u00e1s Nieva<\/strong>; el Sr. Secretario de Gesti\u00f3n y Extensi\u00f3n<strong>, Ing. Gerardo Madariaga<\/strong> y el Sr. Secretario de Asuntos Administrativos, <strong>Ing. Sergio Mohamed<\/strong>.<\/p>\n<p>En su discurso, el Dr. Cabrera, manifest\u00f3 su agradecimiento a la f\u00f3rmula anterior (Ing. Sergio Pagani &#8211; Lic. Patricia Fern\u00e1ndez), por dejar las cosas ordenadas tanto en lo acad\u00e9mico como en lo financiero. \u201cMe embarga una enorme emoci\u00f3n. Quiero dar gracias a toda la comunidad de Ciencias Exactas por haber transitado este camino en paz y armon\u00eda, siempre pensando en un inter\u00e9s mayor y que nuestro capital social son los estudiantes\u201d. As\u00ed tambi\u00e9n inst\u00f3 a trabajar unidos pensando siempre en la Facultad, a continuar construyendo sobre lo hecho.<\/p>\n<p>Algunas de las principales metas de su gesti\u00f3n son fomentar y fortalecer el ingreso, \u201crecuperando la m\u00edstica de estudiar ingenier\u00edas y eso es todo una tarea, una tarea que lleva el compromiso de los docentes, una entrega\u201d, trabajar activamente en la captaci\u00f3n de recursos econ\u00f3micos para la Facultad, a trav\u00e9s de proyectos institucionales con el Estado, con empresas privados.<\/p>\n<p>Adem\u00e1s se refiri\u00f3 al compromiso que tenemos quienes formamos parte de la Universidad Nacional de Tucum\u00e1n: \u201ctodos sabemos que asistimos a una Universidad p\u00fablica de gesti\u00f3n estatal pero no hay que confundirse, no es gratuidad, la gratuidad la paga el contribuyente (que a veces no asiste a la universidad) eso es lo que a nosotros nos interesa, que toda la comunidad de nuestra Facultad y nuestro activo social que son los estudiantes, tengan conciencia de que a esta instituci\u00f3n la sostiene la sociedad que contribuye con el erario p\u00fablico y eso se tiene que ver reflejado en nuestro compromiso diario, en entregar nuestro trabajo con responsabilidad\u201d.<\/p>\n","protected":false},"excerpt":{"rendered":"<p>Durante la ma\u00f1ana de hoy, asumieron las nuevas autoridades de la FACET, habiendo resultado electos en el proceso electoral del 9 de Mayo del corriente a\u00f1o.\u00a0<\/p>\n","protected":false},"author":6,"featured_media":0,"comment_status":"closed","ping_status":"closed","sticky":false,"template":"","format":"standard","meta":[],"categories":[5],"tags":[],"_links":{"self":[{"href":"https:\/\/www.facet.unt.edu.ar\/facetinforma\/wp-json\/wp\/v2\/posts\/14495"}],"collection":[{"href":"https:\/\/www.facet.unt.edu.ar\/facetinforma\/wp-json\/wp\/v2\/posts"}],"about":[{"href":"https:\/\/www.facet.unt.edu.ar\/facetinforma\/wp-json\/wp\/v2\/types\/post"}],"author":[{"embeddable":true,"href":"https:\/\/www.facet.unt.edu.ar\/facetinforma\/wp-json\/wp\/v2\/users\/6"}],"replies":[{"embeddable":true,"href":"https:\/\/www.facet.unt.edu.ar\/facetinforma\/wp-json\/wp\/v2\/comments?post=14495"}],"version-history":[{"count":4,"href":"https:\/\/www.facet.unt.edu.ar\/facetinforma\/wp-json\/wp\/v2\/posts\/14495\/revisions"}],"predecessor-version":[{"id":14509,"href":"https:\/\/www.facet.unt.edu.ar\/facetinforma\/wp-json\/wp\/v2\/posts\/14495\/revisions\/14509"}],"wp:attachment":[{"href":"https:\/\/www.facet.unt.edu.ar\/facetinforma\/wp-json\/wp\/v2\/media?parent=14495"}],"wp:term":[{"taxonomy":"category","embeddable":true,"href":"https:\/\/www.facet.unt.edu.ar\/facetinforma\/wp-json\/wp\/v2\/categories?post=14495"},{"taxonomy":"post_tag","embeddable":true,"href":"https:\/\/www.facet.unt.edu.ar\/facetinforma\/wp-json\/wp\/v2\/tags?post=14495"}],"curies":[{"name":"wp","href":"https:\/\/api.w.org\/{rel}","templated":true}]}}