{"id":14556,"date":"2018-05-22T15:26:47","date_gmt":"2018-05-22T18:26:47","guid":{"rendered":"https:\/\/www.facet.unt.edu.ar\/facetinforma\/?p=14556"},"modified":"2018-05-22T15:26:47","modified_gmt":"2018-05-22T18:26:47","slug":"richard-stallman-brindara-una-conferencia-magistral-software-libre-para-una-sociedad-libre","status":"publish","type":"post","link":"https:\/\/www.facet.unt.edu.ar\/facetinforma\/2018\/05\/22\/richard-stallman-brindara-una-conferencia-magistral-software-libre-para-una-sociedad-libre\/","title":{"rendered":"Richard Stallman brindar\u00e1 una Conferencia Magistral \u201cSoftware Libre para una sociedad libre\u201d"},"content":{"rendered":"<p>Hoy, martes 22 de Mayo, a las 18:00 hs, en el Anfiteatro A1 de la FACET, se llevar\u00e1 a cabo una Conferencia Magistral sobre \u201cSoftware Libre para una sociedad libre\u201d, a cargo del famoso programador estadounidense y fundador del movimiento por el software libre en el mundo, Richard Matthew Stallman.\u00a0<!--more--><\/p>\n<p>La misma estar\u00e1 destinada a todo p\u00fablico, y ser\u00e1 libre y gratuita para todos aquellos interesados en profundizar sobre la tem\u00e1tica del software libre y la soberan\u00eda tecnol\u00f3gica.<\/p>\n<p>Stallman es principalmente conocido por el establecimiento de un marco de referencia moral, pol\u00edtico y legal para el software libre, un modelo de desarrollo y distribuci\u00f3n alternativo al software propietario. Es tambi\u00e9n inventor del concepto de copyleft (aunque no del t\u00e9rmino), un m\u00e9todo para licenciar software de tal forma que su uso y modificaci\u00f3n permanezcan siempre libres y queden en la comunidad de usuarios y desarrolladores.<\/p>\n<p>Stallman insiste en la utilizaci\u00f3n del t\u00e9rmino \u201csoftware libre\u201d, y no c\u00f3digo abierto, porque para \u00e9l lo importante es la libertad del usuario que se pierde. Tambi\u00e9n busca que se utilice GNU\/Linux y no solamente Linux cuando se habla del sistema operativo.<\/p>\n<p><a href=\"https:\/\/www.facet.unt.edu.ar\/facetinforma\/wp-content\/uploads\/sites\/9\/2018\/05\/CONFERENCIA-DE-STALLMAN.jpg\"><img decoding=\"async\" loading=\"lazy\" class=\"aligncenter  wp-image-14557\" src=\"https:\/\/www.facet.unt.edu.ar\/facetinforma\/wp-content\/uploads\/sites\/9\/2018\/05\/CONFERENCIA-DE-STALLMAN.jpg\" alt=\"\" width=\"569\" height=\"748\" srcset=\"https:\/\/www.facet.unt.edu.ar\/facetinforma\/wp-content\/uploads\/sites\/9\/2018\/05\/CONFERENCIA-DE-STALLMAN.jpg 3804w, https:\/\/www.facet.unt.edu.ar\/facetinforma\/wp-content\/uploads\/sites\/9\/2018\/05\/CONFERENCIA-DE-STALLMAN-228x300.jpg 228w, https:\/\/www.facet.unt.edu.ar\/facetinforma\/wp-content\/uploads\/sites\/9\/2018\/05\/CONFERENCIA-DE-STALLMAN-768x1009.jpg 768w, https:\/\/www.facet.unt.edu.ar\/facetinforma\/wp-content\/uploads\/sites\/9\/2018\/05\/CONFERENCIA-DE-STALLMAN-780x1024.jpg 780w\" sizes=\"(max-width: 569px) 100vw, 569px\" \/><\/a><\/p>\n","protected":false},"excerpt":{"rendered":"<p>Hoy, martes 22 de Mayo, a las 18:00 hs, en el Anfiteatro A1 de la FACET, se llevar\u00e1 a cabo una Conferencia Magistral sobre \u201cSoftware Libre para una sociedad libre\u201d, a cargo del famoso programador estadounidense y fundador del movimiento por el software libre en el mundo, Richard Matthew Stallman.\u00a0<\/p>\n","protected":false},"author":6,"featured_media":0,"comment_status":"closed","ping_status":"closed","sticky":false,"template":"","format":"standard","meta":[],"categories":[5],"tags":[],"_links":{"self":[{"href":"https:\/\/www.facet.unt.edu.ar\/facetinforma\/wp-json\/wp\/v2\/posts\/14556"}],"collection":[{"href":"https:\/\/www.facet.unt.edu.ar\/facetinforma\/wp-json\/wp\/v2\/posts"}],"about":[{"href":"https:\/\/www.facet.unt.edu.ar\/facetinforma\/wp-json\/wp\/v2\/types\/post"}],"author":[{"embeddable":true,"href":"https:\/\/www.facet.unt.edu.ar\/facetinforma\/wp-json\/wp\/v2\/users\/6"}],"replies":[{"embeddable":true,"href":"https:\/\/www.facet.unt.edu.ar\/facetinforma\/wp-json\/wp\/v2\/comments?post=14556"}],"version-history":[{"count":1,"href":"https:\/\/www.facet.unt.edu.ar\/facetinforma\/wp-json\/wp\/v2\/posts\/14556\/revisions"}],"predecessor-version":[{"id":14558,"href":"https:\/\/www.facet.unt.edu.ar\/facetinforma\/wp-json\/wp\/v2\/posts\/14556\/revisions\/14558"}],"wp:attachment":[{"href":"https:\/\/www.facet.unt.edu.ar\/facetinforma\/wp-json\/wp\/v2\/media?parent=14556"}],"wp:term":[{"taxonomy":"category","embeddable":true,"href":"https:\/\/www.facet.unt.edu.ar\/facetinforma\/wp-json\/wp\/v2\/categories?post=14556"},{"taxonomy":"post_tag","embeddable":true,"href":"https:\/\/www.facet.unt.edu.ar\/facetinforma\/wp-json\/wp\/v2\/tags?post=14556"}],"curies":[{"name":"wp","href":"https:\/\/api.w.org\/{rel}","templated":true}]}}