{"id":14651,"date":"2018-06-05T18:12:16","date_gmt":"2018-06-05T21:12:16","guid":{"rendered":"https:\/\/www.facet.unt.edu.ar\/facetinforma\/?p=14651"},"modified":"2018-06-05T18:12:16","modified_gmt":"2018-06-05T21:12:16","slug":"nuevos-graduados-en-la-bititulacion-facet-unisa","status":"publish","type":"post","link":"https:\/\/www.facet.unt.edu.ar\/facetinforma\/2018\/06\/05\/nuevos-graduados-en-la-bititulacion-facet-unisa\/","title":{"rendered":"Nuevos graduados en la Bititulaci\u00f3n FACET &#8211; UniSa"},"content":{"rendered":"<p>La FACET se complace en informar que, en el marco del Convenio de Bititulaci\u00f3n entre la Universidad de Salerno (UniSa) y la FACET-UNT, tres graduados de la Carrera de Ingenier\u00eda Industrial de nuestra Facultad, Mat\u00edas Mollica, Eduardo Apud y Fernando Daziano, recibieron sus t\u00edtulos de M\u00e1ster por la Universidad de Salerno.\u00a0<!--more--><\/p>\n<p><a href=\"https:\/\/www.facet.unt.edu.ar\/facetinforma\/wp-content\/uploads\/sites\/9\/2018\/06\/GRADUADOS-SALERNO.jpg\"><img decoding=\"async\" loading=\"lazy\" class=\"aligncenter  wp-image-14655\" src=\"https:\/\/www.facet.unt.edu.ar\/facetinforma\/wp-content\/uploads\/sites\/9\/2018\/06\/GRADUADOS-SALERNO.jpg\" alt=\"\" width=\"432\" height=\"287\" srcset=\"https:\/\/www.facet.unt.edu.ar\/facetinforma\/wp-content\/uploads\/sites\/9\/2018\/06\/GRADUADOS-SALERNO.jpg 3013w, https:\/\/www.facet.unt.edu.ar\/facetinforma\/wp-content\/uploads\/sites\/9\/2018\/06\/GRADUADOS-SALERNO-300x199.jpg 300w, https:\/\/www.facet.unt.edu.ar\/facetinforma\/wp-content\/uploads\/sites\/9\/2018\/06\/GRADUADOS-SALERNO-768x510.jpg 768w, https:\/\/www.facet.unt.edu.ar\/facetinforma\/wp-content\/uploads\/sites\/9\/2018\/06\/GRADUADOS-SALERNO-1024x680.jpg 1024w, https:\/\/www.facet.unt.edu.ar\/facetinforma\/wp-content\/uploads\/sites\/9\/2018\/06\/GRADUADOS-SALERNO-272x182.jpg 272w\" sizes=\"(max-width: 432px) 100vw, 432px\" \/><\/a><\/p>\n<p>&nbsp;<\/p>\n<p>&nbsp;<\/p>\n","protected":false},"excerpt":{"rendered":"<p>La FACET se complace en informar que, en el marco del Convenio de Bititulaci\u00f3n entre la Universidad de Salerno (UniSa) y la FACET-UNT, tres graduados de la Carrera de Ingenier\u00eda Industrial de nuestra Facultad, Mat\u00edas Mollica, Eduardo Apud y Fernando Daziano, recibieron sus t\u00edtulos de M\u00e1ster por la Universidad de Salerno.\u00a0<\/p>\n","protected":false},"author":6,"featured_media":0,"comment_status":"closed","ping_status":"closed","sticky":false,"template":"","format":"standard","meta":[],"categories":[5],"tags":[],"_links":{"self":[{"href":"https:\/\/www.facet.unt.edu.ar\/facetinforma\/wp-json\/wp\/v2\/posts\/14651"}],"collection":[{"href":"https:\/\/www.facet.unt.edu.ar\/facetinforma\/wp-json\/wp\/v2\/posts"}],"about":[{"href":"https:\/\/www.facet.unt.edu.ar\/facetinforma\/wp-json\/wp\/v2\/types\/post"}],"author":[{"embeddable":true,"href":"https:\/\/www.facet.unt.edu.ar\/facetinforma\/wp-json\/wp\/v2\/users\/6"}],"replies":[{"embeddable":true,"href":"https:\/\/www.facet.unt.edu.ar\/facetinforma\/wp-json\/wp\/v2\/comments?post=14651"}],"version-history":[{"count":1,"href":"https:\/\/www.facet.unt.edu.ar\/facetinforma\/wp-json\/wp\/v2\/posts\/14651\/revisions"}],"predecessor-version":[{"id":14656,"href":"https:\/\/www.facet.unt.edu.ar\/facetinforma\/wp-json\/wp\/v2\/posts\/14651\/revisions\/14656"}],"wp:attachment":[{"href":"https:\/\/www.facet.unt.edu.ar\/facetinforma\/wp-json\/wp\/v2\/media?parent=14651"}],"wp:term":[{"taxonomy":"category","embeddable":true,"href":"https:\/\/www.facet.unt.edu.ar\/facetinforma\/wp-json\/wp\/v2\/categories?post=14651"},{"taxonomy":"post_tag","embeddable":true,"href":"https:\/\/www.facet.unt.edu.ar\/facetinforma\/wp-json\/wp\/v2\/tags?post=14651"}],"curies":[{"name":"wp","href":"https:\/\/api.w.org\/{rel}","templated":true}]}}