{"id":1477,"date":"2012-07-31T10:30:55","date_gmt":"2012-07-31T10:30:55","guid":{"rendered":"http:\/\/www1.herrera.unt.edu.ar\/facetinforma\/?p=1477"},"modified":"2012-07-31T10:30:55","modified_gmt":"2012-07-31T10:30:55","slug":"trayecto-de-postgrado-en-capacitacion-pedagogica-universitaria","status":"publish","type":"post","link":"https:\/\/www.facet.unt.edu.ar\/facetinforma\/2012\/07\/31\/trayecto-de-postgrado-en-capacitacion-pedagogica-universitaria\/","title":{"rendered":"Trayecto de Postgrado en Capacitaci\u00f3n Pedag\u00f3gica Universitaria"},"content":{"rendered":"<p style=\"text-align: justify\">El Instituto Coordinador de Programas de Capacitaci\u00f3n (ICPC) de la Facultad de Filosof\u00eda y Letras de la Universidad Nacional de Tucum\u00e1n invita a los docentes universitarios a participar del:\u00a0 <strong>\u201cTrayecto de Postgrado en Capacitaci\u00f3n Pedag\u00f3gica Universitaria\u201d<\/strong><\/p>\n<p style=\"text-align: justify\"><span style=\"text-decoration: underline\"><strong>Destinatarios<\/strong><\/span>:<\/p>\n<p style=\"text-align: justify\">*<strong>Docentes<\/strong> universitarios de todas las categor\u00edas de la U.N.T. y de otras Universidades del medio y la regi\u00f3n.<\/p>\n<p style=\"text-align: justify\">*<strong>Graduados<\/strong> universitarios aspirantes al ejercicio de la docencia universitaria.<\/p>\n<p style=\"text-align: justify\"><strong><span style=\"text-decoration: underline\">Fecha de inicio<\/span>: <span style=\"color: #ff0000\">15 de Agosto de 2012\u00a0<\/span><\/strong><\/p>\n<p style=\"text-align: justify\"><strong><span style=\"text-decoration: underline\">Equipo Docente<\/span>:<\/strong><\/p>\n<p style=\"text-align: justify\">Coordinadora Acad\u00e9mica del Trayecto: Dra. Mar\u00eda Alicia Villagra de Burgos<\/p>\n<p style=\"text-align: justify\"><strong>Miembros del Equipo Docente:<\/strong><\/p>\n<p style=\"text-align: justify\">Prof. Mar\u00eda Dolores Ameijde<\/p>\n<p style=\"text-align: justify\">Prof. Anal\u00eda Pizarro de Raya<\/p>\n<p style=\"text-align: justify\">Prof. Mar\u00eda In\u00e9s Grande<\/p>\n<p style=\"text-align: justify\">Prof. Norma A\u00edda Campos<\/p>\n<p style=\"text-align: justify\">Prof. Susana Beatriz Ruiz de Huidobro\u00a0<\/p>\n<p style=\"text-align: justify\"><strong><span style=\"text-decoration: underline\">Cursos que integran el Trayecto<\/span>:\u00a0<\/strong><\/p>\n<p style=\"text-align: justify\">&#8220;El aula como escenario de la ense\u00f1anza y del aprendizaje en la universidad (50 hs.)&#8221;<\/p>\n<p style=\"text-align: justify\">&#8220;La pr\u00e1ctica docente y los procesos de cambio curricular en la instituci\u00f3n universitaria (50 hs.)&#8221;<\/p>\n<p style=\"text-align: justify\">&#8220;Pr\u00e1cticas profesionales, ense\u00f1anza y curr\u00edculum universitario (50 hs.)&#8221;<\/p>\n<p style=\"text-align: justify\">Para mayor informaci\u00f3n, ver archivos adjuntos:<\/p>\n<p style=\"text-align: justify\">&#8211;<strong> <\/strong><a href=\"https:\/\/www.facet.unt.edu.ar\/facetinforma\/wp-content\/uploads\/sites\/9\/2012\/07\/DIFUSION-TRAYECTO-2012-2013-_ULTIMO_.pdf\" target=\"_blank\">DIFUSION TRAYECTO 2012-2013.pdf <\/a><\/p>\n<p style=\"text-align: justify\">&#8211; <a href=\"https:\/\/www.facet.unt.edu.ar\/facetinforma\/wp-content\/uploads\/sites\/9\/2012\/07\/CRONOGRAMA-TRAYECTO-2012-2013.pdf\" target=\"_blank\">CRONOGRAMA DE TRAYECTO 2012-2013.pdf<\/a><\/p>\n<p style=\"text-align: center\"><strong>INSTITUTO COORDINADOR DE PROGRAMAS DE CAPACITACI\u00d3N<\/strong><br \/><strong> Av. Benjam\u00edn Ar\u00e1oz 800 \u2013 Pasillo 200 \u2013 206 B de 8 a 13:00 hs<\/strong><br \/><strong> Tel. 0381-4107323<\/strong><br \/><strong> E-mail: <a href=\"icpc_pedagog\u00eda@yahoo.com.ar\" target=\"_blank\">icpc_pedagog\u00eda@yahoo.com.ar<\/a><\/strong><\/p>\n<h6><span style=\"font-size: x-small;font-family: times new roman,times\">&#8212;<\/span><br \/><span style=\"font-size: x-small;font-family: times new roman,times\"> Lisa Scanavino<\/span><br \/><span style=\"font-size: x-small;font-family: times new roman,times\"> Departamento de Prensa y Difusi\u00f3n<\/span><br \/><span style=\"font-size: x-small;font-family: times new roman,times\"> Facultad de Filosof\u00eda y Letras<\/span><br \/><span style=\"font-size: x-small;font-family: times new roman,times\"> Universidad Nacional de Tucum\u00e1n<\/span><br \/><span style=\"font-size: x-small;font-family: times new roman,times\"> <a href=\"prensa@webmail.filo.unt.edu.ar%20\" target=\"_blank\">prensa@webmail.filo.unt.edu.ar<\/a> <\/span><br \/><span style=\"font-size: x-small;font-family: times new roman,times\"> <a href=\"http:\/\/www.filo.unt.edu.ar%20\" target=\"_blank\">www.filo.unt.edu.ar<\/a><\/span><\/h6>\n","protected":false},"excerpt":{"rendered":"<p>El Instituto Coordinador de Programas de Capacitaci\u00f3n (ICPC) de la Facultad de Filosof\u00eda y Letras de la Universidad Nacional de Tucum\u00e1n invita a los docentes universitarios a participar del:\u00a0 \u201cTrayecto de Postgrado en Capacitaci\u00f3n Pedag\u00f3gica Universitaria\u201d Destinatarios: *Docentes universitarios de todas las categor\u00edas de la U.N.T. y de otras Universidades del medio y la regi\u00f3n. [&hellip;]<\/p>\n","protected":false},"author":6,"featured_media":0,"comment_status":"closed","ping_status":"open","sticky":false,"template":"","format":"standard","meta":[],"categories":[5],"tags":[],"_links":{"self":[{"href":"https:\/\/www.facet.unt.edu.ar\/facetinforma\/wp-json\/wp\/v2\/posts\/1477"}],"collection":[{"href":"https:\/\/www.facet.unt.edu.ar\/facetinforma\/wp-json\/wp\/v2\/posts"}],"about":[{"href":"https:\/\/www.facet.unt.edu.ar\/facetinforma\/wp-json\/wp\/v2\/types\/post"}],"author":[{"embeddable":true,"href":"https:\/\/www.facet.unt.edu.ar\/facetinforma\/wp-json\/wp\/v2\/users\/6"}],"replies":[{"embeddable":true,"href":"https:\/\/www.facet.unt.edu.ar\/facetinforma\/wp-json\/wp\/v2\/comments?post=1477"}],"version-history":[{"count":0,"href":"https:\/\/www.facet.unt.edu.ar\/facetinforma\/wp-json\/wp\/v2\/posts\/1477\/revisions"}],"wp:attachment":[{"href":"https:\/\/www.facet.unt.edu.ar\/facetinforma\/wp-json\/wp\/v2\/media?parent=1477"}],"wp:term":[{"taxonomy":"category","embeddable":true,"href":"https:\/\/www.facet.unt.edu.ar\/facetinforma\/wp-json\/wp\/v2\/categories?post=1477"},{"taxonomy":"post_tag","embeddable":true,"href":"https:\/\/www.facet.unt.edu.ar\/facetinforma\/wp-json\/wp\/v2\/tags?post=1477"}],"curies":[{"name":"wp","href":"https:\/\/api.w.org\/{rel}","templated":true}]}}