{"id":1481,"date":"2012-08-01T17:25:19","date_gmt":"2012-08-01T17:25:19","guid":{"rendered":"http:\/\/www1.herrera.unt.edu.ar\/facetinforma\/?p=1481"},"modified":"2012-08-01T17:25:19","modified_gmt":"2012-08-01T17:25:19","slug":"taller-de-diagnostico-por-imagenes","status":"publish","type":"post","link":"https:\/\/www.facet.unt.edu.ar\/facetinforma\/2012\/08\/01\/taller-de-diagnostico-por-imagenes\/","title":{"rendered":"Taller de Diagn\u00f3stico por Im\u00e1genes"},"content":{"rendered":"<p style=\"text-align: justify\">SAFIM (Sociedad Argentina de F\u00edsica M\u00e9dica) en conjunto con la AAPM (American Association of Physicists in Medicine) los invita a participar en el Taller de Diagn\u00f3stico por Im\u00e1genes, a realizarse en el Instituto Roffo del 24 al 27 de Octubre pr\u00f3ximo, en la ciudad de Buenos Aires.<\/p>\n<p style=\"text-align: justify\">El taller est\u00e1 dirigido a todos aquellos que tengan inter\u00e9s en F\u00edsica de Diagn\u00f3stico por Im\u00e1genes y su aplicaci\u00f3n en Radioterapia, y contar\u00e1 con la participaci\u00f3n de seis reconocidos expertos extranjeros en el \u00e1rea de diagn\u00f3stico\u00a0por im\u00e1genes, medicina nuclear y terapia radiante.<\/p>\n<p style=\"text-align: justify\">Adem\u00e1s se realizar\u00e1n visitas y pr\u00e1cticas en el Instituto Roffo y en la Fundaci\u00f3n Centro Diagn\u00f3stico Nuclear. Tengo el gusto de conocer personalmente a algunos de los disertantes invitados, por lo que conf\u00edo en que ser\u00e1 un evento de muy buen nivel cient\u00edfico en F\u00edsica M\u00e9dica.<\/p>\n<p style=\"text-align: justify\">M\u00e1s informaci\u00f3n e inscripciones: <span style=\"text-decoration: underline\"><a href=\"http:\/\/taller-dxi.safim.org.ar\/\">http:\/\/taller-dxi.safim.org.ar\/<\/a><\/span><\/p>\n<p style=\"text-align: justify\">Desde ya, ser\u00e1n muy bienvenidos a este evento.<\/p>\n<p style=\"text-align: justify\">Cordialmente,<\/p>\n<h6><span style=\"font-size: x-small;font-family: times new roman,times\">&#8212;<\/span><br \/><span style=\"font-size: x-small;font-family: times new roman,times\"> Dr. Roberto A. Isoardi<\/span><br \/><span style=\"font-size: x-small;font-family: times new roman,times\"> Presidente SAFIM<\/span><\/h6>\n","protected":false},"excerpt":{"rendered":"<p>SAFIM (Sociedad Argentina de F\u00edsica M\u00e9dica) en conjunto con la AAPM (American Association of Physicists in Medicine) los invita a participar en el Taller de Diagn\u00f3stico por Im\u00e1genes, a realizarse en el Instituto Roffo del 24 al 27 de Octubre pr\u00f3ximo, en la ciudad de Buenos Aires. El taller est\u00e1 dirigido a todos aquellos que [&hellip;]<\/p>\n","protected":false},"author":6,"featured_media":0,"comment_status":"closed","ping_status":"open","sticky":false,"template":"","format":"standard","meta":[],"categories":[5],"tags":[],"_links":{"self":[{"href":"https:\/\/www.facet.unt.edu.ar\/facetinforma\/wp-json\/wp\/v2\/posts\/1481"}],"collection":[{"href":"https:\/\/www.facet.unt.edu.ar\/facetinforma\/wp-json\/wp\/v2\/posts"}],"about":[{"href":"https:\/\/www.facet.unt.edu.ar\/facetinforma\/wp-json\/wp\/v2\/types\/post"}],"author":[{"embeddable":true,"href":"https:\/\/www.facet.unt.edu.ar\/facetinforma\/wp-json\/wp\/v2\/users\/6"}],"replies":[{"embeddable":true,"href":"https:\/\/www.facet.unt.edu.ar\/facetinforma\/wp-json\/wp\/v2\/comments?post=1481"}],"version-history":[{"count":0,"href":"https:\/\/www.facet.unt.edu.ar\/facetinforma\/wp-json\/wp\/v2\/posts\/1481\/revisions"}],"wp:attachment":[{"href":"https:\/\/www.facet.unt.edu.ar\/facetinforma\/wp-json\/wp\/v2\/media?parent=1481"}],"wp:term":[{"taxonomy":"category","embeddable":true,"href":"https:\/\/www.facet.unt.edu.ar\/facetinforma\/wp-json\/wp\/v2\/categories?post=1481"},{"taxonomy":"post_tag","embeddable":true,"href":"https:\/\/www.facet.unt.edu.ar\/facetinforma\/wp-json\/wp\/v2\/tags?post=1481"}],"curies":[{"name":"wp","href":"https:\/\/api.w.org\/{rel}","templated":true}]}}