{"id":1501,"date":"2012-08-02T10:00:15","date_gmt":"2012-08-02T10:00:15","guid":{"rendered":"http:\/\/www1.herrera.unt.edu.ar\/facetinforma\/?p=1501"},"modified":"2012-08-02T10:00:15","modified_gmt":"2012-08-02T10:00:15","slug":"conferencia-sobre-plasticidad-sinaptica-departamento-de-bioingenieria-3-de-agosto-de-2012","status":"publish","type":"post","link":"https:\/\/www.facet.unt.edu.ar\/facetinforma\/2012\/08\/02\/conferencia-sobre-plasticidad-sinaptica-departamento-de-bioingenieria-3-de-agosto-de-2012\/","title":{"rendered":"Conferencia sobre Plasticidad Sin\u00e1ptica &#8211; Departamento de Bioingenier\u00eda &#8211; 3 de agosto de 2012"},"content":{"rendered":"<p style=\"text-align: justify\">El <strong>Departamento de Bioingenier\u00eda<\/strong>\u00a0invita a la comunidad de docentes e investigadores\u00a0de la FACET\u00a0a la conferencia:<\/p>\n<p style=\"text-align: center\" align=\"center\"><span style=\"color: #3366ff\">\u00a0<strong>&#8220;Reorganizaci\u00f3n estructural y funcional del Sistema Nervioso. Mecanismos celulares y moleculares responsables de la plasticidad sin\u00e1ptica&#8221;<\/strong><\/span><\/p>\n<p>\u00a0A cargo del:<\/p>\n<p style=\"text-align: center\" align=\"center\"><span style=\"color: #3366ff\"><strong>Dr. Eduardo D. Mart\u00edn<\/strong><\/span><br \/>Laboratorio de Neurofisiolog\u00eda y Plasticidad Sin\u00e1ptica <br \/> Instituto de Investigaci\u00f3n en Enfermedades Neurol\u00f3gicas (IDINE)<br \/> Universidad de Castilla-La Mancha<br \/> Parque Cient\u00edfico y Tecnol\u00f3gico de Albacete<\/p>\n<p style=\"text-align: justify\">La misma se realizar\u00e1 el d\u00eda viernes\u00a03 de agosto\u00a0en el Laboratorio de Medios Audiovisuales (LAMAV) de la Facultad a las 9 hs.<\/p>\n","protected":false},"excerpt":{"rendered":"<p>El Departamento de Bioingenier\u00eda\u00a0invita a la comunidad de docentes e investigadores\u00a0de la FACET\u00a0a la conferencia: \u00a0&#8220;Reorganizaci\u00f3n estructural y funcional del Sistema Nervioso. Mecanismos celulares y moleculares responsables de la plasticidad sin\u00e1ptica&#8221; \u00a0A cargo del: Dr. Eduardo D. Mart\u00ednLaboratorio de Neurofisiolog\u00eda y Plasticidad Sin\u00e1ptica Instituto de Investigaci\u00f3n en Enfermedades Neurol\u00f3gicas (IDINE) Universidad de Castilla-La Mancha Parque [&hellip;]<\/p>\n","protected":false},"author":6,"featured_media":0,"comment_status":"closed","ping_status":"open","sticky":false,"template":"","format":"standard","meta":[],"categories":[5],"tags":[],"_links":{"self":[{"href":"https:\/\/www.facet.unt.edu.ar\/facetinforma\/wp-json\/wp\/v2\/posts\/1501"}],"collection":[{"href":"https:\/\/www.facet.unt.edu.ar\/facetinforma\/wp-json\/wp\/v2\/posts"}],"about":[{"href":"https:\/\/www.facet.unt.edu.ar\/facetinforma\/wp-json\/wp\/v2\/types\/post"}],"author":[{"embeddable":true,"href":"https:\/\/www.facet.unt.edu.ar\/facetinforma\/wp-json\/wp\/v2\/users\/6"}],"replies":[{"embeddable":true,"href":"https:\/\/www.facet.unt.edu.ar\/facetinforma\/wp-json\/wp\/v2\/comments?post=1501"}],"version-history":[{"count":0,"href":"https:\/\/www.facet.unt.edu.ar\/facetinforma\/wp-json\/wp\/v2\/posts\/1501\/revisions"}],"wp:attachment":[{"href":"https:\/\/www.facet.unt.edu.ar\/facetinforma\/wp-json\/wp\/v2\/media?parent=1501"}],"wp:term":[{"taxonomy":"category","embeddable":true,"href":"https:\/\/www.facet.unt.edu.ar\/facetinforma\/wp-json\/wp\/v2\/categories?post=1501"},{"taxonomy":"post_tag","embeddable":true,"href":"https:\/\/www.facet.unt.edu.ar\/facetinforma\/wp-json\/wp\/v2\/tags?post=1501"}],"curies":[{"name":"wp","href":"https:\/\/api.w.org\/{rel}","templated":true}]}}