{"id":15050,"date":"2018-08-15T08:13:39","date_gmt":"2018-08-15T11:13:39","guid":{"rendered":"https:\/\/www.facet.unt.edu.ar\/facetinforma\/?p=15050"},"modified":"2018-08-15T11:36:38","modified_gmt":"2018-08-15T14:36:38","slug":"un-graduado-de-la-facet-impulso-la-creacion-de-dos-satelites","status":"publish","type":"post","link":"https:\/\/www.facet.unt.edu.ar\/facetinforma\/2018\/08\/15\/un-graduado-de-la-facet-impulso-la-creacion-de-dos-satelites\/","title":{"rendered":"Un graduado de la FACET impuls\u00f3 la creaci\u00f3n de dos sat\u00e9lites"},"content":{"rendered":"<p><strong>Nicol\u00e1s Renolfi<\/strong> <strong>(42) dise\u00f1\u00f3 y coordin\u00f3 un proyecto que enviar\u00e1 dos sat\u00e9lites al espacio a finales de Septiembre.<\/strong> <!--more--><\/p>\n<p>El Ingeniero Electr\u00f3nico Nicol\u00e1s Renolfi, nacido en Santiago del Estero y graduado en la FACET, es el Director del Proyecto SAOCOM que desde el a\u00f1o 2000 se encarga de la fabricaci\u00f3n de los sat\u00e9lites, llamados SAOCOM 1A y SAOCOM 1B, los cuales ser\u00e1n enviados al espacio entre Septiembre de 2018 y Septiembre de 2019.<\/p>\n<p><a href=\"https:\/\/www.facet.unt.edu.ar\/facetinforma\/wp-content\/uploads\/sites\/9\/2018\/08\/Renolfi.jpg\"><img decoding=\"async\" loading=\"lazy\" class=\"aligncenter wp-image-15055\" src=\"https:\/\/www.facet.unt.edu.ar\/facetinforma\/wp-content\/uploads\/sites\/9\/2018\/08\/Renolfi.jpg\" alt=\"\" width=\"567\" height=\"315\" srcset=\"https:\/\/www.facet.unt.edu.ar\/facetinforma\/wp-content\/uploads\/sites\/9\/2018\/08\/Renolfi.jpg 1038w, https:\/\/www.facet.unt.edu.ar\/facetinforma\/wp-content\/uploads\/sites\/9\/2018\/08\/Renolfi-300x166.jpg 300w, https:\/\/www.facet.unt.edu.ar\/facetinforma\/wp-content\/uploads\/sites\/9\/2018\/08\/Renolfi-768x426.jpg 768w, https:\/\/www.facet.unt.edu.ar\/facetinforma\/wp-content\/uploads\/sites\/9\/2018\/08\/Renolfi-1024x568.jpg 1024w\" sizes=\"(max-width: 567px) 100vw, 567px\" \/><\/a><\/p>\n<p>Ambos sat\u00e9lites, id\u00e9nticos entre s\u00ed, ser\u00e1n utilizados para tomar 220 fotograf\u00edas diarias desde el espacio. Las im\u00e1genes no requieren luz solar por lo que pueden obtenerse tanto de d\u00eda como de noche, y debido a su alta frecuencia pueden atravesar las nubes y algunos metros del terreno. Los sat\u00e9lites SAOCOM 1A\u00a0 y 1B fueron creados para cumplir dos funciones: la primera, medir la humedad del suelo para poder analizar y realizar una interferometr\u00eda a fin de recolectar informaci\u00f3n sobre la base de los glaciares, espesor del hielo, derrames de hidrocarburos, etc. Y la segunda, dar soporte al manejo de emergencias meteorol\u00f3gicas. Esto permitir\u00e1 prevenir inundaciones o estudiar sequ\u00edas.<\/p>\n<p><a href=\"https:\/\/www.facet.unt.edu.ar\/facetinforma\/wp-content\/uploads\/sites\/9\/2018\/08\/imagen-2.jpg\"><img decoding=\"async\" loading=\"lazy\" class=\"aligncenter wp-image-15056\" src=\"https:\/\/www.facet.unt.edu.ar\/facetinforma\/wp-content\/uploads\/sites\/9\/2018\/08\/imagen-2.jpg\" alt=\"\" width=\"601\" height=\"276\" srcset=\"https:\/\/www.facet.unt.edu.ar\/facetinforma\/wp-content\/uploads\/sites\/9\/2018\/08\/imagen-2.jpg 970w, https:\/\/www.facet.unt.edu.ar\/facetinforma\/wp-content\/uploads\/sites\/9\/2018\/08\/imagen-2-300x138.jpg 300w, https:\/\/www.facet.unt.edu.ar\/facetinforma\/wp-content\/uploads\/sites\/9\/2018\/08\/imagen-2-768x353.jpg 768w\" sizes=\"(max-width: 601px) 100vw, 601px\" \/><\/a><\/p>\n<p>El SAOCOM 1A se encuentra desde Agosto en la Base de Vanderberg, California y su traslado se hizo en el avi\u00f3n m\u00e1s grande del mundo (Ucrania) ya que pesa tres toneladas, sin contar las partes m\u00f3viles. Adem\u00e1s incluye una antena que mide 35 metros cuadrados siendo la antena de radar m\u00e1s grande desplegada en el espacio hasta ahora. Ser\u00e1 lanzado al espacio por el Cohete Falcon 9, de la empresa SpaceX a finales de Septiembre. Su an\u00e1logo lo har\u00e1 en un a\u00f1o a partir del primer lanzamiento. Ambos tendr\u00e1n una \u00f3rbita polar, es decir que en 90 minutos ser\u00e1n capaces de realizar una vuelta a la tierra pasando pr\u00e1cticamente por los dos polos. \u00a0Se estima un tiempo de vida \u00fatil de al menos cinco a\u00f1os para los dos sat\u00e9lites.<\/p>\n<p>El proyecto SAOCOM fue desarrollado y ejecutado por m\u00e1s de 600 personas que pertenecen a instituciones como CONAE (Comisi\u00f3n Nacional de Actividades Espaciales), INVAP, CNEA (Comisi\u00f3n Nacional de Energ\u00eda At\u00f3mica de Argentina) y otras empresas privadas que operan en nuestro pa\u00eds. Este proyecto tambi\u00e9n cont\u00f3 con la colaboraci\u00f3n de la Agencia Espacial Italiana (ASI), que integra de manera operacional el Sistema Italo-Argentino de Sat\u00e9lites para Gesti\u00f3n de Emergencias.<\/p>\n<p><a href=\"https:\/\/www.facet.unt.edu.ar\/facetinforma\/wp-content\/uploads\/sites\/9\/2018\/08\/imagen-3.jpg\"><img decoding=\"async\" loading=\"lazy\" class=\"aligncenter wp-image-15057\" src=\"https:\/\/www.facet.unt.edu.ar\/facetinforma\/wp-content\/uploads\/sites\/9\/2018\/08\/imagen-3.jpg\" alt=\"\" width=\"604\" height=\"327\" srcset=\"https:\/\/www.facet.unt.edu.ar\/facetinforma\/wp-content\/uploads\/sites\/9\/2018\/08\/imagen-3.jpg 1350w, https:\/\/www.facet.unt.edu.ar\/facetinforma\/wp-content\/uploads\/sites\/9\/2018\/08\/imagen-3-300x163.jpg 300w, https:\/\/www.facet.unt.edu.ar\/facetinforma\/wp-content\/uploads\/sites\/9\/2018\/08\/imagen-3-768x416.jpg 768w, https:\/\/www.facet.unt.edu.ar\/facetinforma\/wp-content\/uploads\/sites\/9\/2018\/08\/imagen-3-1024x555.jpg 1024w\" sizes=\"(max-width: 604px) 100vw, 604px\" \/><\/a><\/p>\n<p>Fuentes:<\/p>\n<ul>\n<li>Entrevista telef\u00f3nica realizada en el Programa de Radio de la FACET &#8220;Exactas para Todos&#8221; al Ing. Nicol\u00e1s Renolfi, el d\u00eda 3 de Agosto de 2018.<\/li>\n<li>Ventana del Norte publicada el 29 de Julio de 2018.<\/li>\n<\/ul>\n","protected":false},"excerpt":{"rendered":"<p>Nicol\u00e1s Renolfi (42) dise\u00f1\u00f3 y coordin\u00f3 un proyecto que enviar\u00e1 dos sat\u00e9lites al espacio a finales de Septiembre.<\/p>\n","protected":false},"author":6,"featured_media":0,"comment_status":"closed","ping_status":"closed","sticky":false,"template":"","format":"standard","meta":[],"categories":[5,10],"tags":[],"_links":{"self":[{"href":"https:\/\/www.facet.unt.edu.ar\/facetinforma\/wp-json\/wp\/v2\/posts\/15050"}],"collection":[{"href":"https:\/\/www.facet.unt.edu.ar\/facetinforma\/wp-json\/wp\/v2\/posts"}],"about":[{"href":"https:\/\/www.facet.unt.edu.ar\/facetinforma\/wp-json\/wp\/v2\/types\/post"}],"author":[{"embeddable":true,"href":"https:\/\/www.facet.unt.edu.ar\/facetinforma\/wp-json\/wp\/v2\/users\/6"}],"replies":[{"embeddable":true,"href":"https:\/\/www.facet.unt.edu.ar\/facetinforma\/wp-json\/wp\/v2\/comments?post=15050"}],"version-history":[{"count":5,"href":"https:\/\/www.facet.unt.edu.ar\/facetinforma\/wp-json\/wp\/v2\/posts\/15050\/revisions"}],"predecessor-version":[{"id":15071,"href":"https:\/\/www.facet.unt.edu.ar\/facetinforma\/wp-json\/wp\/v2\/posts\/15050\/revisions\/15071"}],"wp:attachment":[{"href":"https:\/\/www.facet.unt.edu.ar\/facetinforma\/wp-json\/wp\/v2\/media?parent=15050"}],"wp:term":[{"taxonomy":"category","embeddable":true,"href":"https:\/\/www.facet.unt.edu.ar\/facetinforma\/wp-json\/wp\/v2\/categories?post=15050"},{"taxonomy":"post_tag","embeddable":true,"href":"https:\/\/www.facet.unt.edu.ar\/facetinforma\/wp-json\/wp\/v2\/tags?post=15050"}],"curies":[{"name":"wp","href":"https:\/\/api.w.org\/{rel}","templated":true}]}}