{"id":15075,"date":"2018-08-15T20:01:24","date_gmt":"2018-08-15T23:01:24","guid":{"rendered":"https:\/\/www.facet.unt.edu.ar\/facetinforma\/?p=15075"},"modified":"2018-08-15T20:02:32","modified_gmt":"2018-08-15T23:02:32","slug":"llamados-a-concursos-unc","status":"publish","type":"post","link":"https:\/\/www.facet.unt.edu.ar\/facetinforma\/2018\/08\/15\/llamados-a-concursos-unc\/","title":{"rendered":"Llamados a Concursos UNC"},"content":{"rendered":"<p>La Facultad de Matem\u00e1tica, Astronom\u00eda y F\u00edsica de la Universidad Nacional de C\u00f3rdoba (UNC) llama a concurso para cubrir los siguientes cargos docentes: <!--more--><\/p>\n<ul>\n<li>Profesor Titular con DE (C\u00f3d. 101\/09)<\/li>\n<li>Profesor Titular con DE (C\u00f3d. 101\/26)<\/li>\n<li>Profesor Titular con DE (C\u00f3d. 101\/43)<\/li>\n<li>Profesor Titular con DE (C\u00f3d. 101\/44)<\/li>\n<\/ul>\n<p>La fecha l\u00edmite para las inscripciones es el d\u00eda <strong>16 de Agosto<\/strong> del corriente a\u00f1o.<\/p>\n<p>Por informes e inscripciones dirigirse a la Secretar\u00eda Administrativa ubicada en Av. Medina Allende s\/n, Ciudad Universitaria, C\u00f3rdoba; o bien comunicarse los d\u00edas laborables de 09 a 13 horas a los siguientes n\u00fameros:<br \/>\nTel\u00e9fono: (0351) 4334051 (interno 130)<br \/>\nFax: (0351) 4334054<\/p>\n","protected":false},"excerpt":{"rendered":"<p>La Facultad de Matem\u00e1tica, Astronom\u00eda y F\u00edsica de la Universidad Nacional de C\u00f3rdoba (UNC) llama a concurso para cubrir los siguientes cargos docentes:<\/p>\n","protected":false},"author":6,"featured_media":0,"comment_status":"closed","ping_status":"closed","sticky":false,"template":"","format":"standard","meta":[],"categories":[5],"tags":[],"_links":{"self":[{"href":"https:\/\/www.facet.unt.edu.ar\/facetinforma\/wp-json\/wp\/v2\/posts\/15075"}],"collection":[{"href":"https:\/\/www.facet.unt.edu.ar\/facetinforma\/wp-json\/wp\/v2\/posts"}],"about":[{"href":"https:\/\/www.facet.unt.edu.ar\/facetinforma\/wp-json\/wp\/v2\/types\/post"}],"author":[{"embeddable":true,"href":"https:\/\/www.facet.unt.edu.ar\/facetinforma\/wp-json\/wp\/v2\/users\/6"}],"replies":[{"embeddable":true,"href":"https:\/\/www.facet.unt.edu.ar\/facetinforma\/wp-json\/wp\/v2\/comments?post=15075"}],"version-history":[{"count":3,"href":"https:\/\/www.facet.unt.edu.ar\/facetinforma\/wp-json\/wp\/v2\/posts\/15075\/revisions"}],"predecessor-version":[{"id":15078,"href":"https:\/\/www.facet.unt.edu.ar\/facetinforma\/wp-json\/wp\/v2\/posts\/15075\/revisions\/15078"}],"wp:attachment":[{"href":"https:\/\/www.facet.unt.edu.ar\/facetinforma\/wp-json\/wp\/v2\/media?parent=15075"}],"wp:term":[{"taxonomy":"category","embeddable":true,"href":"https:\/\/www.facet.unt.edu.ar\/facetinforma\/wp-json\/wp\/v2\/categories?post=15075"},{"taxonomy":"post_tag","embeddable":true,"href":"https:\/\/www.facet.unt.edu.ar\/facetinforma\/wp-json\/wp\/v2\/tags?post=15075"}],"curies":[{"name":"wp","href":"https:\/\/api.w.org\/{rel}","templated":true}]}}