{"id":15088,"date":"2018-08-16T19:37:53","date_gmt":"2018-08-16T22:37:53","guid":{"rendered":"https:\/\/www.facet.unt.edu.ar\/facetinforma\/?p=15088"},"modified":"2018-08-16T21:53:58","modified_gmt":"2018-08-17T00:53:58","slug":"convocatoria-abierta-pict-2018","status":"publish","type":"post","link":"https:\/\/www.facet.unt.edu.ar\/facetinforma\/2018\/08\/16\/convocatoria-abierta-pict-2018\/","title":{"rendered":"Convocatoria Abierta: PICT 2018"},"content":{"rendered":"<p>La Agencia Nacional de Promoci\u00f3n Cient\u00edfica y Tecnol\u00f3gica (ANPCyT), a trav\u00e9s del Fondo para la Investigaci\u00f3n Cient\u00edfica y Tecnol\u00f3gica (FONCyT), llama a la presentaci\u00f3n de proyectos de Investigaci\u00f3n Cient\u00edfica y Tecnol\u00f3gica para la adjudicaci\u00f3n de subsidios a instituciones de investigaci\u00f3n p\u00fablicas o privadas sin fines de lucro, radicadas en el pa\u00eds (Instituciones Beneficiarias). <!--more--><\/p>\n<p>La convocatoria se encuentra abierta hasta el d\u00eda <strong>14 de Septiembre de 2018<\/strong>, a las <strong>18:00<\/strong> hs.<\/p>\n<p>M\u00e1s informaci\u00f3n en: <a href=\"http:\/\/www.agencia.mincyt.gob.ar\/frontend\/agencia\/convocatoria\/428\" target=\"_blank\" rel=\"noopener\">http:\/\/www.agencia.mincyt.gob.ar\/frontend\/agencia\/convocatoria\/428<\/a><\/p>\n","protected":false},"excerpt":{"rendered":"<p>La Agencia Nacional de Promoci\u00f3n Cient\u00edfica y Tecnol\u00f3gica (ANPCyT), a trav\u00e9s del Fondo para la Investigaci\u00f3n Cient\u00edfica y Tecnol\u00f3gica (FONCyT), llama a la presentaci\u00f3n de proyectos de Investigaci\u00f3n Cient\u00edfica y Tecnol\u00f3gica para la adjudicaci\u00f3n de subsidios a instituciones de investigaci\u00f3n p\u00fablicas o privadas sin fines de lucro, radicadas en el pa\u00eds (Instituciones Beneficiarias).<\/p>\n","protected":false},"author":6,"featured_media":0,"comment_status":"closed","ping_status":"closed","sticky":false,"template":"","format":"standard","meta":[],"categories":[5],"tags":[],"_links":{"self":[{"href":"https:\/\/www.facet.unt.edu.ar\/facetinforma\/wp-json\/wp\/v2\/posts\/15088"}],"collection":[{"href":"https:\/\/www.facet.unt.edu.ar\/facetinforma\/wp-json\/wp\/v2\/posts"}],"about":[{"href":"https:\/\/www.facet.unt.edu.ar\/facetinforma\/wp-json\/wp\/v2\/types\/post"}],"author":[{"embeddable":true,"href":"https:\/\/www.facet.unt.edu.ar\/facetinforma\/wp-json\/wp\/v2\/users\/6"}],"replies":[{"embeddable":true,"href":"https:\/\/www.facet.unt.edu.ar\/facetinforma\/wp-json\/wp\/v2\/comments?post=15088"}],"version-history":[{"count":3,"href":"https:\/\/www.facet.unt.edu.ar\/facetinforma\/wp-json\/wp\/v2\/posts\/15088\/revisions"}],"predecessor-version":[{"id":15091,"href":"https:\/\/www.facet.unt.edu.ar\/facetinforma\/wp-json\/wp\/v2\/posts\/15088\/revisions\/15091"}],"wp:attachment":[{"href":"https:\/\/www.facet.unt.edu.ar\/facetinforma\/wp-json\/wp\/v2\/media?parent=15088"}],"wp:term":[{"taxonomy":"category","embeddable":true,"href":"https:\/\/www.facet.unt.edu.ar\/facetinforma\/wp-json\/wp\/v2\/categories?post=15088"},{"taxonomy":"post_tag","embeddable":true,"href":"https:\/\/www.facet.unt.edu.ar\/facetinforma\/wp-json\/wp\/v2\/tags?post=15088"}],"curies":[{"name":"wp","href":"https:\/\/api.w.org\/{rel}","templated":true}]}}