{"id":15132,"date":"2018-08-22T18:21:01","date_gmt":"2018-08-22T21:21:01","guid":{"rendered":"https:\/\/www.facet.unt.edu.ar\/facetinforma\/?p=15132"},"modified":"2018-08-22T18:21:01","modified_gmt":"2018-08-22T21:21:01","slug":"convocatoria-de-becas-iila-dgcs-maeci-2018-2019","status":"publish","type":"post","link":"https:\/\/www.facet.unt.edu.ar\/facetinforma\/2018\/08\/22\/convocatoria-de-becas-iila-dgcs-maeci-2018-2019\/","title":{"rendered":"Convocatoria de Becas IILA &#8211; DGCS\/MAECI 2018-2019"},"content":{"rendered":"<p>El\u00a0<strong>\u00c1rea de Relaciones Internacionales de la FACET<\/strong>\u00a0informa a toda su comunidad, que la\u00a0organizaci\u00f3n Internacional Italo-Latino Americana (IILA) con el financiamiento de la Direcci\u00f3n General para la Cooperaci\u00f3n al Desarrollo, del Ministerio de Asuntos Exteriores y de la Cooperaci\u00f3n Internacional de Italia (DGCS\/MAECI), concede becas a ciudadanos provenientes de los pa\u00edses latinoamericanos, miembros de la IILA, que deseen realizar pasant\u00edas postuniversitarias de especializaci\u00f3n y\/o actualizaci\u00f3n de conocimientos en Italia. <!--more--><\/p>\n<p>Las \u00e1reas son:<\/p>\n<ul>\n<li>Ambiente<\/li>\n<li>Agroalimentos<\/li>\n<li>Biotecnolog\u00eda<\/li>\n<\/ul>\n<p><u>Cierre de la convocatoria:<\/u><strong> 14 de septiembre de 2018.<\/strong><\/p>\n<p>Para mayor informaci\u00f3n acceder al siguiente sitio: <a href=\"http:\/\/www.iila.org\/index.php?option=com_content&amp;view=article&amp;id=3624:becas-iila-2018-2019&amp;catid=26:news-home&amp;Itemid=101&amp;lang=es\">http:\/\/www.iila.org\/index.php?option=com_content&amp;view=article&amp;id=3624:becas-iila-2018-2019&amp;catid=26:news-home&amp;Itemid=101&amp;lang=es<\/a><\/p>\n","protected":false},"excerpt":{"rendered":"<p>El\u00a0\u00c1rea de Relaciones Internacionales de la FACET\u00a0informa a toda su comunidad, que la\u00a0organizaci\u00f3n Internacional Italo-Latino Americana (IILA) con el financiamiento de la Direcci\u00f3n General para la Cooperaci\u00f3n al Desarrollo, del Ministerio de Asuntos Exteriores y de la Cooperaci\u00f3n Internacional de Italia (DGCS\/MAECI), concede becas a ciudadanos provenientes de los pa\u00edses latinoamericanos, miembros de la IILA, [&hellip;]<\/p>\n","protected":false},"author":6,"featured_media":0,"comment_status":"closed","ping_status":"closed","sticky":false,"template":"","format":"standard","meta":[],"categories":[3,5],"tags":[],"_links":{"self":[{"href":"https:\/\/www.facet.unt.edu.ar\/facetinforma\/wp-json\/wp\/v2\/posts\/15132"}],"collection":[{"href":"https:\/\/www.facet.unt.edu.ar\/facetinforma\/wp-json\/wp\/v2\/posts"}],"about":[{"href":"https:\/\/www.facet.unt.edu.ar\/facetinforma\/wp-json\/wp\/v2\/types\/post"}],"author":[{"embeddable":true,"href":"https:\/\/www.facet.unt.edu.ar\/facetinforma\/wp-json\/wp\/v2\/users\/6"}],"replies":[{"embeddable":true,"href":"https:\/\/www.facet.unt.edu.ar\/facetinforma\/wp-json\/wp\/v2\/comments?post=15132"}],"version-history":[{"count":1,"href":"https:\/\/www.facet.unt.edu.ar\/facetinforma\/wp-json\/wp\/v2\/posts\/15132\/revisions"}],"predecessor-version":[{"id":15133,"href":"https:\/\/www.facet.unt.edu.ar\/facetinforma\/wp-json\/wp\/v2\/posts\/15132\/revisions\/15133"}],"wp:attachment":[{"href":"https:\/\/www.facet.unt.edu.ar\/facetinforma\/wp-json\/wp\/v2\/media?parent=15132"}],"wp:term":[{"taxonomy":"category","embeddable":true,"href":"https:\/\/www.facet.unt.edu.ar\/facetinforma\/wp-json\/wp\/v2\/categories?post=15132"},{"taxonomy":"post_tag","embeddable":true,"href":"https:\/\/www.facet.unt.edu.ar\/facetinforma\/wp-json\/wp\/v2\/tags?post=15132"}],"curies":[{"name":"wp","href":"https:\/\/api.w.org\/{rel}","templated":true}]}}