{"id":15152,"date":"2018-08-24T20:00:27","date_gmt":"2018-08-24T23:00:27","guid":{"rendered":"https:\/\/www.facet.unt.edu.ar\/facetinforma\/?p=15152"},"modified":"2018-08-24T21:17:25","modified_gmt":"2018-08-25T00:17:25","slug":"encuentro-de-academicos-en-la-facet","status":"publish","type":"post","link":"https:\/\/www.facet.unt.edu.ar\/facetinforma\/2018\/08\/24\/encuentro-de-academicos-en-la-facet\/","title":{"rendered":"Encuentro de Acad\u00e9micos en la FACET"},"content":{"rendered":"<p>Las Autoridades de la Facultad de Ciencias Exactas y Tecnolog\u00eda tienen el agrado de comunicar que ayer, jueves 23 de Agosto, se dio lugar en nuestra Facultad al \u201cII Encuentro de Acad\u00e9micos Nacionales y Extranjeros\u201d. Las disertaciones estuvieron a cargo del <strong>Dr.\u00a0Roberto Willams<\/strong>, <strong>Ing. Oscar Verd\u00e9<\/strong>, <strong>Dr. Paulo Vivacqua<\/strong> y <strong>Dr. Juan Taboada L\u00f3pez<\/strong>. <!--more--><\/p>\n<p>Las conferencias fueron seguidas por un nutrido grupo de Docentes y Estudiantes de nuestra Facultad; versaron sobre el rol de la Ingenier\u00eda en nuestro tiempo; El desarrollo sustentable de nuestro continente desde el uso eficiente de los recursos; Geopol\u00edtica, entre otros temas de inter\u00e9s profesional y acad\u00e9mico.<\/p>\n<div id=\"attachment_15155\" style=\"width: 434px\" class=\"wp-caption aligncenter\"><a href=\"https:\/\/www.facet.unt.edu.ar\/facetinforma\/wp-content\/uploads\/sites\/9\/2018\/08\/IMG-20180823-WA0021.jpg\"><img aria-describedby=\"caption-attachment-15155\" decoding=\"async\" loading=\"lazy\" class=\"wp-image-15155\" src=\"https:\/\/www.facet.unt.edu.ar\/facetinforma\/wp-content\/uploads\/sites\/9\/2018\/08\/IMG-20180823-WA0021.jpg\" alt=\"\" width=\"424\" height=\"565\" srcset=\"https:\/\/www.facet.unt.edu.ar\/facetinforma\/wp-content\/uploads\/sites\/9\/2018\/08\/IMG-20180823-WA0021.jpg 960w, https:\/\/www.facet.unt.edu.ar\/facetinforma\/wp-content\/uploads\/sites\/9\/2018\/08\/IMG-20180823-WA0021-225x300.jpg 225w, https:\/\/www.facet.unt.edu.ar\/facetinforma\/wp-content\/uploads\/sites\/9\/2018\/08\/IMG-20180823-WA0021-768x1024.jpg 768w\" sizes=\"(max-width: 424px) 100vw, 424px\" \/><\/a><p id=\"caption-attachment-15155\" class=\"wp-caption-text\">Dr. Roberto Willams<\/p><\/div>\n<p><a href=\"https:\/\/www.facet.unt.edu.ar\/facetinforma\/wp-content\/uploads\/sites\/9\/2018\/08\/IMG-20180823-WA0025.jpg\"><img decoding=\"async\" loading=\"lazy\" class=\"aligncenter wp-image-15153\" src=\"https:\/\/www.facet.unt.edu.ar\/facetinforma\/wp-content\/uploads\/sites\/9\/2018\/08\/IMG-20180823-WA0025.jpg\" alt=\"\" width=\"510\" height=\"383\" srcset=\"https:\/\/www.facet.unt.edu.ar\/facetinforma\/wp-content\/uploads\/sites\/9\/2018\/08\/IMG-20180823-WA0025.jpg 1280w, https:\/\/www.facet.unt.edu.ar\/facetinforma\/wp-content\/uploads\/sites\/9\/2018\/08\/IMG-20180823-WA0025-300x225.jpg 300w, https:\/\/www.facet.unt.edu.ar\/facetinforma\/wp-content\/uploads\/sites\/9\/2018\/08\/IMG-20180823-WA0025-768x576.jpg 768w, https:\/\/www.facet.unt.edu.ar\/facetinforma\/wp-content\/uploads\/sites\/9\/2018\/08\/IMG-20180823-WA0025-1024x768.jpg 1024w\" sizes=\"(max-width: 510px) 100vw, 510px\" \/><\/a><\/p>\n<p><a href=\"https:\/\/www.facet.unt.edu.ar\/facetinforma\/wp-content\/uploads\/sites\/9\/2018\/08\/IMG-20180823-WA0028.jpg\"><img decoding=\"async\" loading=\"lazy\" class=\"aligncenter wp-image-15154\" src=\"https:\/\/www.facet.unt.edu.ar\/facetinforma\/wp-content\/uploads\/sites\/9\/2018\/08\/IMG-20180823-WA0028.jpg\" alt=\"\" width=\"511\" height=\"383\" srcset=\"https:\/\/www.facet.unt.edu.ar\/facetinforma\/wp-content\/uploads\/sites\/9\/2018\/08\/IMG-20180823-WA0028.jpg 1280w, https:\/\/www.facet.unt.edu.ar\/facetinforma\/wp-content\/uploads\/sites\/9\/2018\/08\/IMG-20180823-WA0028-300x225.jpg 300w, https:\/\/www.facet.unt.edu.ar\/facetinforma\/wp-content\/uploads\/sites\/9\/2018\/08\/IMG-20180823-WA0028-768x576.jpg 768w, https:\/\/www.facet.unt.edu.ar\/facetinforma\/wp-content\/uploads\/sites\/9\/2018\/08\/IMG-20180823-WA0028-1024x768.jpg 1024w\" sizes=\"(max-width: 511px) 100vw, 511px\" \/><\/a><\/p>\n<p><a href=\"https:\/\/www.facet.unt.edu.ar\/facetinforma\/wp-content\/uploads\/sites\/9\/2018\/08\/encuentro-de-acad\u00e9micos.jpg\"><img decoding=\"async\" loading=\"lazy\" class=\"aligncenter  wp-image-15156\" src=\"https:\/\/www.facet.unt.edu.ar\/facetinforma\/wp-content\/uploads\/sites\/9\/2018\/08\/encuentro-de-acad\u00e9micos.jpg\" alt=\"\" width=\"516\" height=\"374\" srcset=\"https:\/\/www.facet.unt.edu.ar\/facetinforma\/wp-content\/uploads\/sites\/9\/2018\/08\/encuentro-de-acad\u00e9micos.jpg 1000w, https:\/\/www.facet.unt.edu.ar\/facetinforma\/wp-content\/uploads\/sites\/9\/2018\/08\/encuentro-de-acad\u00e9micos-300x218.jpg 300w, https:\/\/www.facet.unt.edu.ar\/facetinforma\/wp-content\/uploads\/sites\/9\/2018\/08\/encuentro-de-acad\u00e9micos-768x557.jpg 768w\" sizes=\"(max-width: 516px) 100vw, 516px\" \/><\/a><\/p>\n","protected":false},"excerpt":{"rendered":"<p>Las Autoridades de la Facultad de Ciencias Exactas y Tecnolog\u00eda tienen el agrado de comunicar que ayer, jueves 23 de Agosto, se dio lugar en nuestra Facultad al \u201cII Encuentro de Acad\u00e9micos Nacionales y Extranjeros\u201d. Las disertaciones estuvieron a cargo del Dr.\u00a0Roberto Willams, Ing. Oscar Verd\u00e9, Dr. Paulo Vivacqua y Dr. Juan Taboada L\u00f3pez.<\/p>\n","protected":false},"author":6,"featured_media":0,"comment_status":"closed","ping_status":"closed","sticky":false,"template":"","format":"standard","meta":[],"categories":[5],"tags":[],"_links":{"self":[{"href":"https:\/\/www.facet.unt.edu.ar\/facetinforma\/wp-json\/wp\/v2\/posts\/15152"}],"collection":[{"href":"https:\/\/www.facet.unt.edu.ar\/facetinforma\/wp-json\/wp\/v2\/posts"}],"about":[{"href":"https:\/\/www.facet.unt.edu.ar\/facetinforma\/wp-json\/wp\/v2\/types\/post"}],"author":[{"embeddable":true,"href":"https:\/\/www.facet.unt.edu.ar\/facetinforma\/wp-json\/wp\/v2\/users\/6"}],"replies":[{"embeddable":true,"href":"https:\/\/www.facet.unt.edu.ar\/facetinforma\/wp-json\/wp\/v2\/comments?post=15152"}],"version-history":[{"count":5,"href":"https:\/\/www.facet.unt.edu.ar\/facetinforma\/wp-json\/wp\/v2\/posts\/15152\/revisions"}],"predecessor-version":[{"id":15171,"href":"https:\/\/www.facet.unt.edu.ar\/facetinforma\/wp-json\/wp\/v2\/posts\/15152\/revisions\/15171"}],"wp:attachment":[{"href":"https:\/\/www.facet.unt.edu.ar\/facetinforma\/wp-json\/wp\/v2\/media?parent=15152"}],"wp:term":[{"taxonomy":"category","embeddable":true,"href":"https:\/\/www.facet.unt.edu.ar\/facetinforma\/wp-json\/wp\/v2\/categories?post=15152"},{"taxonomy":"post_tag","embeddable":true,"href":"https:\/\/www.facet.unt.edu.ar\/facetinforma\/wp-json\/wp\/v2\/tags?post=15152"}],"curies":[{"name":"wp","href":"https:\/\/api.w.org\/{rel}","templated":true}]}}