{"id":15161,"date":"2018-08-24T20:11:48","date_gmt":"2018-08-24T23:11:48","guid":{"rendered":"https:\/\/www.facet.unt.edu.ar\/facetinforma\/?p=15161"},"modified":"2018-08-24T20:11:48","modified_gmt":"2018-08-24T23:11:48","slug":"conferencia-presente-y-futuro-de-la-medicina-regenerativa","status":"publish","type":"post","link":"https:\/\/www.facet.unt.edu.ar\/facetinforma\/2018\/08\/24\/conferencia-presente-y-futuro-de-la-medicina-regenerativa\/","title":{"rendered":"Conferencia \u201cPresente y futuro de la Medicina Regenerativa\u201d"},"content":{"rendered":"<p>Se invita a la comunidad de la FACET a participar de la conferencia \u201c<strong>Presente y futuro de la Medicina Regenerativa<\/strong>\u201d, que se llevar\u00e1 a cabo el <strong>lunes 27 de Agosto<\/strong>, a las <strong>10:00 hs<\/strong>, en la Sala de Medios Audiovisuales de la FACET. <!--more--><\/p>\n<p>La misma estar\u00e1 a cargo del <strong>Od. Luis Costa P\u00e9rez<\/strong> (ex docente de la Facultad de Odontolog\u00eda de la UNT, Licenciado en Odontolog\u00eda en la Universidad de Santiago de Compostela, Certified Trainer in Endodontics en Suiza, Investigador asociado de FICEMU (Unidad de Investigaci\u00f3n del Hospital de Jove _ Gij\u00f3n) y del Centro GiSteam Research, Gij\u00f3n, Austrias, Espa\u00f1a, Miembro de la Asociaci\u00f3n Espa\u00f1ola de Endodoncia).<\/p>\n<p><a href=\"https:\/\/www.facet.unt.edu.ar\/facetinforma\/wp-content\/uploads\/sites\/9\/2018\/08\/WhatsApp-Image-2018-08-23-at-15.21.32.jpeg\"><img decoding=\"async\" loading=\"lazy\" class=\"aligncenter  wp-image-15162\" src=\"https:\/\/www.facet.unt.edu.ar\/facetinforma\/wp-content\/uploads\/sites\/9\/2018\/08\/WhatsApp-Image-2018-08-23-at-15.21.32.jpeg\" alt=\"\" width=\"578\" height=\"488\" srcset=\"https:\/\/www.facet.unt.edu.ar\/facetinforma\/wp-content\/uploads\/sites\/9\/2018\/08\/WhatsApp-Image-2018-08-23-at-15.21.32.jpeg 1080w, https:\/\/www.facet.unt.edu.ar\/facetinforma\/wp-content\/uploads\/sites\/9\/2018\/08\/WhatsApp-Image-2018-08-23-at-15.21.32-300x253.jpeg 300w, https:\/\/www.facet.unt.edu.ar\/facetinforma\/wp-content\/uploads\/sites\/9\/2018\/08\/WhatsApp-Image-2018-08-23-at-15.21.32-768x648.jpeg 768w, https:\/\/www.facet.unt.edu.ar\/facetinforma\/wp-content\/uploads\/sites\/9\/2018\/08\/WhatsApp-Image-2018-08-23-at-15.21.32-1024x864.jpeg 1024w\" sizes=\"(max-width: 578px) 100vw, 578px\" \/><\/a><\/p>\n","protected":false},"excerpt":{"rendered":"<p>Se invita a la comunidad de la FACET a participar de la conferencia \u201cPresente y futuro de la Medicina Regenerativa\u201d, que se llevar\u00e1 a cabo el lunes 27 de Agosto, a las 10:00 hs, en la Sala de Medios Audiovisuales de la FACET.<\/p>\n","protected":false},"author":6,"featured_media":0,"comment_status":"closed","ping_status":"closed","sticky":false,"template":"","format":"standard","meta":[],"categories":[5],"tags":[],"_links":{"self":[{"href":"https:\/\/www.facet.unt.edu.ar\/facetinforma\/wp-json\/wp\/v2\/posts\/15161"}],"collection":[{"href":"https:\/\/www.facet.unt.edu.ar\/facetinforma\/wp-json\/wp\/v2\/posts"}],"about":[{"href":"https:\/\/www.facet.unt.edu.ar\/facetinforma\/wp-json\/wp\/v2\/types\/post"}],"author":[{"embeddable":true,"href":"https:\/\/www.facet.unt.edu.ar\/facetinforma\/wp-json\/wp\/v2\/users\/6"}],"replies":[{"embeddable":true,"href":"https:\/\/www.facet.unt.edu.ar\/facetinforma\/wp-json\/wp\/v2\/comments?post=15161"}],"version-history":[{"count":1,"href":"https:\/\/www.facet.unt.edu.ar\/facetinforma\/wp-json\/wp\/v2\/posts\/15161\/revisions"}],"predecessor-version":[{"id":15163,"href":"https:\/\/www.facet.unt.edu.ar\/facetinforma\/wp-json\/wp\/v2\/posts\/15161\/revisions\/15163"}],"wp:attachment":[{"href":"https:\/\/www.facet.unt.edu.ar\/facetinforma\/wp-json\/wp\/v2\/media?parent=15161"}],"wp:term":[{"taxonomy":"category","embeddable":true,"href":"https:\/\/www.facet.unt.edu.ar\/facetinforma\/wp-json\/wp\/v2\/categories?post=15161"},{"taxonomy":"post_tag","embeddable":true,"href":"https:\/\/www.facet.unt.edu.ar\/facetinforma\/wp-json\/wp\/v2\/tags?post=15161"}],"curies":[{"name":"wp","href":"https:\/\/api.w.org\/{rel}","templated":true}]}}