{"id":15340,"date":"2018-09-11T10:52:06","date_gmt":"2018-09-11T13:52:06","guid":{"rendered":"https:\/\/www.facet.unt.edu.ar\/facetinforma\/?p=15340"},"modified":"2018-09-11T11:05:23","modified_gmt":"2018-09-11T14:05:23","slug":"curso-en-linea-el-internet-de-las-cosas-y-su-rol-en-la-economia-digital","status":"publish","type":"post","link":"https:\/\/www.facet.unt.edu.ar\/facetinforma\/2018\/09\/11\/curso-en-linea-el-internet-de-las-cosas-y-su-rol-en-la-economia-digital\/","title":{"rendered":"Curso en l\u00ednea \u201cEl Internet de las Cosas y su rol en la Econom\u00eda Digital\u201d"},"content":{"rendered":"<p>La Uni\u00f3n Internacional de Telecomunicaciones (UIT), en cooperaci\u00f3n con la Comisi\u00f3n Interamericana de Telecomunicaciones de la Organizaci\u00f3n de los Estados Americanos (OEA\/CITEL), ofrece el curso en l\u00ednea \u201cEl Internet de las Cosas y su rol en la Econom\u00eda Digital\u201d, que se llevar\u00e1 a cabo del 15 de Octubre al 9 de Noviembre de 2018. El mismo est\u00e1 dirigido a profesionales o responsables de las \u00e1reas de la ingenier\u00eda, las ciencias econ\u00f3micas y administraci\u00f3n municipal con responsabilidades de gerencia, direcci\u00f3n o supervisi\u00f3n en los sectores: TIC, energ\u00eda, medio ambiente, salud, manejo de agua, transporte, entre otros. Adicionalmente son bienvenidos docentes que deseen obtener conocimientos sobre el uso del IoT en la econom\u00eda digital.<\/p>\n<p><!--more--><\/p>\n<p>El objetivo principal del curso es dar a conocer a los participantes como el uso del Internet de las Cosas (IoT) puede contribuir para el desarrollo de la Econom\u00eda Digital, as\u00ed como la definici\u00f3n de las l\u00edneas estrat\u00e9gicas y de pol\u00edticas de TIC, que faciliten la implementaci\u00f3n del IoT en el marco de la Econom\u00eda Digital.<\/p>\n<p>La inscripci\u00f3n se encuentra abierta hasta el d\u00eda <strong>30 de Septiembre<\/strong>.<\/p>\n<p>El curso es gratuito, con cupo limitado.<\/p>\n<p>Para m\u00e1s informaci\u00f3n se adjuntan los siguientes archivos:<br \/>\n&#8211; <a href=\"https:\/\/www.facet.unt.edu.ar\/facetinforma\/wp-content\/uploads\/sites\/9\/2018\/09\/Programa-del-curso_IoT-y-Economia-Digital-.pdf\" target=\"_blank\" rel=\"noopener\">Programa.pdf<\/a><br \/>\n&#8211; <a href=\"https:\/\/www.facet.unt.edu.ar\/facetinforma\/wp-content\/uploads\/sites\/9\/2018\/09\/FORMULARIO-DE-PRE-INSCRIPCION.docx\" target=\"_blank\" rel=\"noopener\">Formulario de Inscripci\u00f3n.docx<\/a><\/p>\n","protected":false},"excerpt":{"rendered":"<p>La Uni\u00f3n Internacional de Telecomunicaciones (UIT), en cooperaci\u00f3n con la Comisi\u00f3n Interamericana de Telecomunicaciones de la Organizaci\u00f3n de los Estados Americanos (OEA\/CITEL), ofrece el curso en l\u00ednea \u201cEl Internet de las Cosas y su rol en la Econom\u00eda Digital\u201d, que se llevar\u00e1 a cabo del 15 de Octubre al 9 de Noviembre de 2018. El [&hellip;]<\/p>\n","protected":false},"author":6,"featured_media":0,"comment_status":"closed","ping_status":"closed","sticky":false,"template":"","format":"standard","meta":[],"categories":[5],"tags":[],"_links":{"self":[{"href":"https:\/\/www.facet.unt.edu.ar\/facetinforma\/wp-json\/wp\/v2\/posts\/15340"}],"collection":[{"href":"https:\/\/www.facet.unt.edu.ar\/facetinforma\/wp-json\/wp\/v2\/posts"}],"about":[{"href":"https:\/\/www.facet.unt.edu.ar\/facetinforma\/wp-json\/wp\/v2\/types\/post"}],"author":[{"embeddable":true,"href":"https:\/\/www.facet.unt.edu.ar\/facetinforma\/wp-json\/wp\/v2\/users\/6"}],"replies":[{"embeddable":true,"href":"https:\/\/www.facet.unt.edu.ar\/facetinforma\/wp-json\/wp\/v2\/comments?post=15340"}],"version-history":[{"count":2,"href":"https:\/\/www.facet.unt.edu.ar\/facetinforma\/wp-json\/wp\/v2\/posts\/15340\/revisions"}],"predecessor-version":[{"id":15349,"href":"https:\/\/www.facet.unt.edu.ar\/facetinforma\/wp-json\/wp\/v2\/posts\/15340\/revisions\/15349"}],"wp:attachment":[{"href":"https:\/\/www.facet.unt.edu.ar\/facetinforma\/wp-json\/wp\/v2\/media?parent=15340"}],"wp:term":[{"taxonomy":"category","embeddable":true,"href":"https:\/\/www.facet.unt.edu.ar\/facetinforma\/wp-json\/wp\/v2\/categories?post=15340"},{"taxonomy":"post_tag","embeddable":true,"href":"https:\/\/www.facet.unt.edu.ar\/facetinforma\/wp-json\/wp\/v2\/tags?post=15340"}],"curies":[{"name":"wp","href":"https:\/\/api.w.org\/{rel}","templated":true}]}}