{"id":15371,"date":"2018-09-14T11:42:00","date_gmt":"2018-09-14T14:42:00","guid":{"rendered":"https:\/\/www.facet.unt.edu.ar\/facetinforma\/?p=15371"},"modified":"2018-09-14T12:45:14","modified_gmt":"2018-09-14T15:45:14","slug":"convocatoria-a-proyectos-de-tecnologias-para-la-inclusion-social-2018","status":"publish","type":"post","link":"https:\/\/www.facet.unt.edu.ar\/facetinforma\/2018\/09\/14\/convocatoria-a-proyectos-de-tecnologias-para-la-inclusion-social-2018\/","title":{"rendered":"Convocatoria a Proyectos de Tecnolog\u00edas para la Inclusi\u00f3n Social 2018"},"content":{"rendered":"<p>El Ministerio de Ciencia, Tecnolog\u00eda e Innovaci\u00f3n Productiva de la Naci\u00f3n, a trav\u00e9s del Programa Nacional de Tecnolog\u00eda e Innovaci\u00f3n Social, convoca a la presentaci\u00f3n de propuestas destinadas a la ejecuci\u00f3n de Proyectos de Tecnolog\u00edas para la Inclusi\u00f3n Social (PTIS) a otorgarse en el per\u00edodo 2018. <!--more--><\/p>\n<p>La convocatoria se encuentra abierta hasta el <strong>12 de Octubre del corriente a\u00f1o<\/strong>.<\/p>\n<p>Para conocer las bases y presentar tu proyecto, ingrese al siguiente link: <a href=\"https:\/\/mia.gob.ar\/convocatorias\/PTIS\/2018\" target=\"_blank\" rel=\"noopener\">https:\/\/mia.gob.ar\/convocatorias\/PTIS\/2018<\/a><\/p>\n<p>Consultas: <a href=\"mailto:innovacionsocial@mincyt.gob.ar\" target=\"_blank\" rel=\"noopener\">innovacionsocial@mincyt.gob.ar<\/a><\/p>\n<p><a href=\"https:\/\/www.facet.unt.edu.ar\/facetinforma\/wp-content\/uploads\/sites\/9\/2018\/09\/image001.png\"><img decoding=\"async\" loading=\"lazy\" class=\"aligncenter wp-image-15372\" src=\"https:\/\/www.facet.unt.edu.ar\/facetinforma\/wp-content\/uploads\/sites\/9\/2018\/09\/image001.png\" alt=\"\" width=\"610\" height=\"626\" srcset=\"https:\/\/www.facet.unt.edu.ar\/facetinforma\/wp-content\/uploads\/sites\/9\/2018\/09\/image001.png 801w, https:\/\/www.facet.unt.edu.ar\/facetinforma\/wp-content\/uploads\/sites\/9\/2018\/09\/image001-293x300.png 293w, https:\/\/www.facet.unt.edu.ar\/facetinforma\/wp-content\/uploads\/sites\/9\/2018\/09\/image001-768x787.png 768w, https:\/\/www.facet.unt.edu.ar\/facetinforma\/wp-content\/uploads\/sites\/9\/2018\/09\/image001-800x821.png 800w\" sizes=\"(max-width: 610px) 100vw, 610px\" \/><\/a><\/p>\n","protected":false},"excerpt":{"rendered":"<p>El Ministerio de Ciencia, Tecnolog\u00eda e Innovaci\u00f3n Productiva de la Naci\u00f3n, a trav\u00e9s del Programa Nacional de Tecnolog\u00eda e Innovaci\u00f3n Social, convoca a la presentaci\u00f3n de propuestas destinadas a la ejecuci\u00f3n de Proyectos de Tecnolog\u00edas para la Inclusi\u00f3n Social (PTIS) a otorgarse en el per\u00edodo 2018.<\/p>\n","protected":false},"author":6,"featured_media":0,"comment_status":"closed","ping_status":"closed","sticky":false,"template":"","format":"standard","meta":[],"categories":[5],"tags":[],"_links":{"self":[{"href":"https:\/\/www.facet.unt.edu.ar\/facetinforma\/wp-json\/wp\/v2\/posts\/15371"}],"collection":[{"href":"https:\/\/www.facet.unt.edu.ar\/facetinforma\/wp-json\/wp\/v2\/posts"}],"about":[{"href":"https:\/\/www.facet.unt.edu.ar\/facetinforma\/wp-json\/wp\/v2\/types\/post"}],"author":[{"embeddable":true,"href":"https:\/\/www.facet.unt.edu.ar\/facetinforma\/wp-json\/wp\/v2\/users\/6"}],"replies":[{"embeddable":true,"href":"https:\/\/www.facet.unt.edu.ar\/facetinforma\/wp-json\/wp\/v2\/comments?post=15371"}],"version-history":[{"count":4,"href":"https:\/\/www.facet.unt.edu.ar\/facetinforma\/wp-json\/wp\/v2\/posts\/15371\/revisions"}],"predecessor-version":[{"id":15388,"href":"https:\/\/www.facet.unt.edu.ar\/facetinforma\/wp-json\/wp\/v2\/posts\/15371\/revisions\/15388"}],"wp:attachment":[{"href":"https:\/\/www.facet.unt.edu.ar\/facetinforma\/wp-json\/wp\/v2\/media?parent=15371"}],"wp:term":[{"taxonomy":"category","embeddable":true,"href":"https:\/\/www.facet.unt.edu.ar\/facetinforma\/wp-json\/wp\/v2\/categories?post=15371"},{"taxonomy":"post_tag","embeddable":true,"href":"https:\/\/www.facet.unt.edu.ar\/facetinforma\/wp-json\/wp\/v2\/tags?post=15371"}],"curies":[{"name":"wp","href":"https:\/\/api.w.org\/{rel}","templated":true}]}}