{"id":15389,"date":"2018-09-14T17:58:23","date_gmt":"2018-09-14T20:58:23","guid":{"rendered":"https:\/\/www.facet.unt.edu.ar\/facetinforma\/?p=15389"},"modified":"2018-09-14T18:02:52","modified_gmt":"2018-09-14T21:02:52","slug":"segunda-instancia-de-capacitacion-para-docentes-de-las-carreras-de-ingenieria","status":"publish","type":"post","link":"https:\/\/www.facet.unt.edu.ar\/facetinforma\/2018\/09\/14\/segunda-instancia-de-capacitacion-para-docentes-de-las-carreras-de-ingenieria\/","title":{"rendered":"Segunda Instancia de Capacitaci\u00f3n para Docentes de las Carreras de Ingenier\u00eda"},"content":{"rendered":"<p>Durante los d\u00edas 12, 13 y 14 del corriente mes, se desarroll\u00f3 en nuestra Facultad la segunda instancia de talleres vinculados al Programa de \u201cCapacitaci\u00f3n de docentes para el desarrollo de un aprendizaje centrado en el estudiante en las carreras de ingenier\u00eda\u201d, organizado por el CONFEDI con apoyo de la Secretar\u00eda de Pol\u00edticas Universitarias (SPU). La misma estuvo a cargo de las instructoras: Mg. Rudix Camacho, Lic. Miriam R\u00edos e Ing. Fernanda Guzm\u00e1n. <!--more--><\/p>\n<p>La capacitaci\u00f3n tuvo por objetivo desarrollar actividades de sensibilizaci\u00f3n, capacitaci\u00f3n y asistencia para docentes y gestores acad\u00e9micos de las carreras de ingenier\u00eda, para que el dise\u00f1o y el desarrollo curricular de los programas de ingenier\u00eda tengan en cuenta un enfoque centrado en el estudiante y contribuyan al mejor desempe\u00f1o acad\u00e9mico y al desarrollo de las competencias profesionales requeridas de sus graduados.<\/p>\n<p>En esta oportunidad se cont\u00f3 con la activa participaci\u00f3n de docentes de las Facultades de Salta, Jujuy, Santiago del Estero y Catamarca, y se abordaron las tem\u00e1ticas de Did\u00e1ctica de Ense\u00f1anza, Aprendizaje y Evaluaci\u00f3n.<\/p>\n<p><a href=\"https:\/\/www.facet.unt.edu.ar\/facetinforma\/wp-content\/uploads\/sites\/9\/2018\/09\/f97d09ac-d70b-40f0-994d-10952e2b21ef.jpg\"><img decoding=\"async\" loading=\"lazy\" class=\"aligncenter  wp-image-15398\" src=\"https:\/\/www.facet.unt.edu.ar\/facetinforma\/wp-content\/uploads\/sites\/9\/2018\/09\/f97d09ac-d70b-40f0-994d-10952e2b21ef-1024x768.jpg\" alt=\"\" width=\"450\" height=\"338\" srcset=\"https:\/\/www.facet.unt.edu.ar\/facetinforma\/wp-content\/uploads\/sites\/9\/2018\/09\/f97d09ac-d70b-40f0-994d-10952e2b21ef-1024x768.jpg 1024w, https:\/\/www.facet.unt.edu.ar\/facetinforma\/wp-content\/uploads\/sites\/9\/2018\/09\/f97d09ac-d70b-40f0-994d-10952e2b21ef-300x225.jpg 300w, https:\/\/www.facet.unt.edu.ar\/facetinforma\/wp-content\/uploads\/sites\/9\/2018\/09\/f97d09ac-d70b-40f0-994d-10952e2b21ef-768x576.jpg 768w, https:\/\/www.facet.unt.edu.ar\/facetinforma\/wp-content\/uploads\/sites\/9\/2018\/09\/f97d09ac-d70b-40f0-994d-10952e2b21ef.jpg 1032w\" sizes=\"(max-width: 450px) 100vw, 450px\" \/><\/a><\/p>\n<p><a href=\"https:\/\/www.facet.unt.edu.ar\/facetinforma\/wp-content\/uploads\/sites\/9\/2018\/09\/a8ca426f-6767-4177-b8bf-8aa7f41acf7d.jpg\"><img decoding=\"async\" loading=\"lazy\" class=\"aligncenter  wp-image-15399\" src=\"https:\/\/www.facet.unt.edu.ar\/facetinforma\/wp-content\/uploads\/sites\/9\/2018\/09\/a8ca426f-6767-4177-b8bf-8aa7f41acf7d-1024x768.jpg\" alt=\"\" width=\"450\" height=\"337\" srcset=\"https:\/\/www.facet.unt.edu.ar\/facetinforma\/wp-content\/uploads\/sites\/9\/2018\/09\/a8ca426f-6767-4177-b8bf-8aa7f41acf7d-1024x768.jpg 1024w, https:\/\/www.facet.unt.edu.ar\/facetinforma\/wp-content\/uploads\/sites\/9\/2018\/09\/a8ca426f-6767-4177-b8bf-8aa7f41acf7d-300x225.jpg 300w, https:\/\/www.facet.unt.edu.ar\/facetinforma\/wp-content\/uploads\/sites\/9\/2018\/09\/a8ca426f-6767-4177-b8bf-8aa7f41acf7d-768x576.jpg 768w, https:\/\/www.facet.unt.edu.ar\/facetinforma\/wp-content\/uploads\/sites\/9\/2018\/09\/a8ca426f-6767-4177-b8bf-8aa7f41acf7d.jpg 1032w\" sizes=\"(max-width: 450px) 100vw, 450px\" \/><\/a><\/p>\n<p><a href=\"https:\/\/www.facet.unt.edu.ar\/facetinforma\/wp-content\/uploads\/sites\/9\/2018\/09\/debca6f0-7223-4a74-8d13-fe6faa18019d.jpg\"><img decoding=\"async\" loading=\"lazy\" class=\"aligncenter  wp-image-15401\" src=\"https:\/\/www.facet.unt.edu.ar\/facetinforma\/wp-content\/uploads\/sites\/9\/2018\/09\/debca6f0-7223-4a74-8d13-fe6faa18019d-1024x768.jpg\" alt=\"\" width=\"451\" height=\"338\" srcset=\"https:\/\/www.facet.unt.edu.ar\/facetinforma\/wp-content\/uploads\/sites\/9\/2018\/09\/debca6f0-7223-4a74-8d13-fe6faa18019d-1024x768.jpg 1024w, https:\/\/www.facet.unt.edu.ar\/facetinforma\/wp-content\/uploads\/sites\/9\/2018\/09\/debca6f0-7223-4a74-8d13-fe6faa18019d-300x225.jpg 300w, https:\/\/www.facet.unt.edu.ar\/facetinforma\/wp-content\/uploads\/sites\/9\/2018\/09\/debca6f0-7223-4a74-8d13-fe6faa18019d-768x576.jpg 768w, https:\/\/www.facet.unt.edu.ar\/facetinforma\/wp-content\/uploads\/sites\/9\/2018\/09\/debca6f0-7223-4a74-8d13-fe6faa18019d.jpg 1032w\" sizes=\"(max-width: 451px) 100vw, 451px\" \/><\/a><\/p>\n<p><a href=\"https:\/\/www.facet.unt.edu.ar\/facetinforma\/wp-content\/uploads\/sites\/9\/2018\/09\/8e2351f0-7c21-4c13-a1d7-0a4cbba6affa.jpg\"><img decoding=\"async\" loading=\"lazy\" class=\"aligncenter  wp-image-15402\" src=\"https:\/\/www.facet.unt.edu.ar\/facetinforma\/wp-content\/uploads\/sites\/9\/2018\/09\/8e2351f0-7c21-4c13-a1d7-0a4cbba6affa-1024x768.jpg\" alt=\"\" width=\"451\" height=\"338\" srcset=\"https:\/\/www.facet.unt.edu.ar\/facetinforma\/wp-content\/uploads\/sites\/9\/2018\/09\/8e2351f0-7c21-4c13-a1d7-0a4cbba6affa-1024x768.jpg 1024w, https:\/\/www.facet.unt.edu.ar\/facetinforma\/wp-content\/uploads\/sites\/9\/2018\/09\/8e2351f0-7c21-4c13-a1d7-0a4cbba6affa-300x225.jpg 300w, https:\/\/www.facet.unt.edu.ar\/facetinforma\/wp-content\/uploads\/sites\/9\/2018\/09\/8e2351f0-7c21-4c13-a1d7-0a4cbba6affa-768x576.jpg 768w, https:\/\/www.facet.unt.edu.ar\/facetinforma\/wp-content\/uploads\/sites\/9\/2018\/09\/8e2351f0-7c21-4c13-a1d7-0a4cbba6affa.jpg 1032w\" sizes=\"(max-width: 451px) 100vw, 451px\" \/><\/a><\/p>\n<p><a href=\"https:\/\/www.facet.unt.edu.ar\/facetinforma\/wp-content\/uploads\/sites\/9\/2018\/09\/IMG-3938.jpg\"><img decoding=\"async\" loading=\"lazy\" class=\"aligncenter  wp-image-15403\" src=\"https:\/\/www.facet.unt.edu.ar\/facetinforma\/wp-content\/uploads\/sites\/9\/2018\/09\/IMG-3938-1024x768.jpg\" alt=\"\" width=\"451\" height=\"338\" srcset=\"https:\/\/www.facet.unt.edu.ar\/facetinforma\/wp-content\/uploads\/sites\/9\/2018\/09\/IMG-3938-1024x768.jpg 1024w, https:\/\/www.facet.unt.edu.ar\/facetinforma\/wp-content\/uploads\/sites\/9\/2018\/09\/IMG-3938-300x225.jpg 300w, https:\/\/www.facet.unt.edu.ar\/facetinforma\/wp-content\/uploads\/sites\/9\/2018\/09\/IMG-3938-768x576.jpg 768w\" sizes=\"(max-width: 451px) 100vw, 451px\" \/><\/a><\/p>\n<p><a href=\"https:\/\/www.facet.unt.edu.ar\/facetinforma\/wp-content\/uploads\/sites\/9\/2018\/09\/IMG-3939.jpg\"><img decoding=\"async\" loading=\"lazy\" class=\"aligncenter  wp-image-15404\" src=\"https:\/\/www.facet.unt.edu.ar\/facetinforma\/wp-content\/uploads\/sites\/9\/2018\/09\/IMG-3939-1024x768.jpg\" alt=\"\" width=\"451\" height=\"338\" srcset=\"https:\/\/www.facet.unt.edu.ar\/facetinforma\/wp-content\/uploads\/sites\/9\/2018\/09\/IMG-3939-1024x768.jpg 1024w, https:\/\/www.facet.unt.edu.ar\/facetinforma\/wp-content\/uploads\/sites\/9\/2018\/09\/IMG-3939-300x225.jpg 300w, https:\/\/www.facet.unt.edu.ar\/facetinforma\/wp-content\/uploads\/sites\/9\/2018\/09\/IMG-3939-768x576.jpg 768w\" sizes=\"(max-width: 451px) 100vw, 451px\" \/><\/a><\/p>\n<p><a href=\"https:\/\/www.facet.unt.edu.ar\/facetinforma\/wp-content\/uploads\/sites\/9\/2018\/09\/IMG-3940.jpg\"><img decoding=\"async\" loading=\"lazy\" class=\"aligncenter  wp-image-15405\" src=\"https:\/\/www.facet.unt.edu.ar\/facetinforma\/wp-content\/uploads\/sites\/9\/2018\/09\/IMG-3940-1024x768.jpg\" alt=\"\" width=\"451\" height=\"338\" srcset=\"https:\/\/www.facet.unt.edu.ar\/facetinforma\/wp-content\/uploads\/sites\/9\/2018\/09\/IMG-3940-1024x768.jpg 1024w, https:\/\/www.facet.unt.edu.ar\/facetinforma\/wp-content\/uploads\/sites\/9\/2018\/09\/IMG-3940-300x225.jpg 300w, https:\/\/www.facet.unt.edu.ar\/facetinforma\/wp-content\/uploads\/sites\/9\/2018\/09\/IMG-3940-768x576.jpg 768w\" sizes=\"(max-width: 451px) 100vw, 451px\" \/><\/a><\/p>\n<p><a href=\"https:\/\/www.facet.unt.edu.ar\/facetinforma\/wp-content\/uploads\/sites\/9\/2018\/09\/3157f6c1-e70b-4c65-a12b-c3c8743a8545.jpg\"><img decoding=\"async\" loading=\"lazy\" class=\"aligncenter  wp-image-15406\" src=\"https:\/\/www.facet.unt.edu.ar\/facetinforma\/wp-content\/uploads\/sites\/9\/2018\/09\/3157f6c1-e70b-4c65-a12b-c3c8743a8545-1024x498.jpg\" alt=\"\" width=\"451\" height=\"219\" srcset=\"https:\/\/www.facet.unt.edu.ar\/facetinforma\/wp-content\/uploads\/sites\/9\/2018\/09\/3157f6c1-e70b-4c65-a12b-c3c8743a8545-1024x498.jpg 1024w, https:\/\/www.facet.unt.edu.ar\/facetinforma\/wp-content\/uploads\/sites\/9\/2018\/09\/3157f6c1-e70b-4c65-a12b-c3c8743a8545-300x146.jpg 300w, https:\/\/www.facet.unt.edu.ar\/facetinforma\/wp-content\/uploads\/sites\/9\/2018\/09\/3157f6c1-e70b-4c65-a12b-c3c8743a8545-768x373.jpg 768w, https:\/\/www.facet.unt.edu.ar\/facetinforma\/wp-content\/uploads\/sites\/9\/2018\/09\/3157f6c1-e70b-4c65-a12b-c3c8743a8545.jpg 1280w\" sizes=\"(max-width: 451px) 100vw, 451px\" \/><\/a><\/p>\n<p>&nbsp;<\/p>\n","protected":false},"excerpt":{"rendered":"<p>Durante los d\u00edas 12, 13 y 14 del corriente mes, se desarroll\u00f3 en nuestra Facultad la segunda instancia de talleres vinculados al Programa de \u201cCapacitaci\u00f3n de docentes para el desarrollo de un aprendizaje centrado en el estudiante en las carreras de ingenier\u00eda\u201d, organizado por el CONFEDI con apoyo de la Secretar\u00eda de Pol\u00edticas Universitarias (SPU). [&hellip;]<\/p>\n","protected":false},"author":6,"featured_media":0,"comment_status":"closed","ping_status":"closed","sticky":false,"template":"","format":"standard","meta":[],"categories":[5],"tags":[],"_links":{"self":[{"href":"https:\/\/www.facet.unt.edu.ar\/facetinforma\/wp-json\/wp\/v2\/posts\/15389"}],"collection":[{"href":"https:\/\/www.facet.unt.edu.ar\/facetinforma\/wp-json\/wp\/v2\/posts"}],"about":[{"href":"https:\/\/www.facet.unt.edu.ar\/facetinforma\/wp-json\/wp\/v2\/types\/post"}],"author":[{"embeddable":true,"href":"https:\/\/www.facet.unt.edu.ar\/facetinforma\/wp-json\/wp\/v2\/users\/6"}],"replies":[{"embeddable":true,"href":"https:\/\/www.facet.unt.edu.ar\/facetinforma\/wp-json\/wp\/v2\/comments?post=15389"}],"version-history":[{"count":3,"href":"https:\/\/www.facet.unt.edu.ar\/facetinforma\/wp-json\/wp\/v2\/posts\/15389\/revisions"}],"predecessor-version":[{"id":15407,"href":"https:\/\/www.facet.unt.edu.ar\/facetinforma\/wp-json\/wp\/v2\/posts\/15389\/revisions\/15407"}],"wp:attachment":[{"href":"https:\/\/www.facet.unt.edu.ar\/facetinforma\/wp-json\/wp\/v2\/media?parent=15389"}],"wp:term":[{"taxonomy":"category","embeddable":true,"href":"https:\/\/www.facet.unt.edu.ar\/facetinforma\/wp-json\/wp\/v2\/categories?post=15389"},{"taxonomy":"post_tag","embeddable":true,"href":"https:\/\/www.facet.unt.edu.ar\/facetinforma\/wp-json\/wp\/v2\/tags?post=15389"}],"curies":[{"name":"wp","href":"https:\/\/api.w.org\/{rel}","templated":true}]}}