{"id":15408,"date":"2018-09-17T14:55:36","date_gmt":"2018-09-17T17:55:36","guid":{"rendered":"https:\/\/www.facet.unt.edu.ar\/facetinforma\/?p=15408"},"modified":"2018-09-18T13:40:37","modified_gmt":"2018-09-18T16:40:37","slug":"curso-posgrado-herramientas-para-la-gestion-de-aulas-virtuales","status":"publish","type":"post","link":"https:\/\/www.facet.unt.edu.ar\/facetinforma\/2018\/09\/17\/curso-posgrado-herramientas-para-la-gestion-de-aulas-virtuales\/","title":{"rendered":"Curso de Posgrado \u201cHerramientas para la Gesti\u00f3n de Aulas Virtuales\u201d"},"content":{"rendered":"<p>Se invita a la comunidad universitaria a realizar el curso de posgrado <strong>\u201cHerramientas para la Gesti\u00f3n de Aulas Virtuales\u201d<\/strong> que dar\u00e1 inicio el d\u00eda <strong>v<\/strong><strong>iernes 28 de septiembre<\/strong>, a las <strong>9:00 hs<\/strong>, en el Laboratorio FOMEC, Block 3 (Decanato), 1\u00ba Piso, de la FACET. El curso de modalidad semi- presencial, est\u00e1 dirigido a docentes universitarios, interesados en la tem\u00e1tica y p\u00fablico en general. El mismo estar\u00e1 a cargo de los docentes: <strong>Esp. Ing. L\u00eda Torres Auad, Ing. Fernanda Guzm\u00e1n y Lic. Nicol\u00e1s Auvieux<\/strong>. <!--more--><\/p>\n<p><strong>Modalidad<\/strong>: Te\u00f3rico-Pr\u00e1ctico semi-presencial.<br \/>\nTres encuentros presenciales m\u00e1s trabajos en plataforma:<br \/>\n&#8211; Viernes 28\/09 &#8211; 9 a 12 hs.<br \/>\n&#8211; Viernes 26\/10 &#8211; 9 a 12 hs.<br \/>\n&#8211; Viernes 16\/11 &#8211; 9 a 12 hs.<\/p>\n<p>En dicho curso se trabajar\u00e1 en la Gesti\u00f3n de Aulas Virtuales y Extendidas, utilizando herramientas y conceptos necesarios para crear espacios de ense\u00f1anza-aprendizaje, integrando nuevas tecnolog\u00edas. A continuaci\u00f3n se detalla el temario a abordar:<br \/>\n&#8211; Matriculaci\u00f3n y seguimiento de estudiantes<br \/>\n&#8211; Carga de materiales multimedia<br \/>\n&#8211; Creaci\u00f3n y administraci\u00f3n de Foros<br \/>\n&#8211; Realizaci\u00f3n de Encuestas y Consultas<br \/>\n&#8211; Trabajo colaborativo<br \/>\n&#8211; Gesti\u00f3n de Evaluaciones y Cuestionarios<br \/>\n&#8211; Bancos de Preguntas<\/p>\n<p><strong>Inscripciones en<\/strong>: <a href=\"https:\/\/docs.google.com\/forms\/u\/3\/d\/e\/1FAIpQLSfdNy_wwNlqAx5VNZOUlGC2is0liKNUvZwgI2x_0GMoIO7nGg\/viewform\" target=\"_blank\" rel=\"noopener\">https:\/\/docs.google.com\/forms\/u\/3\/d\/e\/1FAIpQLSfdNy_wwNlqAx5VNZOUlGC2is0liKNUvZwgI2x_0GMoIO7nGg\/viewform<\/a><\/p>\n<p><strong>Precio<\/strong>:<br \/>\n&#8211; $1500 Docentes UNT<br \/>\n&#8211; $2000 p\u00fablico en general<\/p>\n<p><strong>Lugar de Pago<\/strong>: Asociaci\u00f3n Cooperadora FACET \u2013 Av. Independencia 1800 &#8211; Block Decanato Planta Baja. En los horarios de 8:30 a 12:30.<br \/>\nLos aranceles pueden ser pagados en dos cuotas, consultar al mail <a href=\"mailto:cedite@herrera.unt.edu.ar\">cedite@herrera.unt.edu.ar<\/a><\/p>\n<p><strong>Informes<\/strong>: <a href=\"mailto:cedite@herrera.unt.edu.ar\">cedite@herrera.unt.edu.ar<\/a><\/p>\n<p><a href=\"https:\/\/www.facet.unt.edu.ar\/facetinforma\/wp-content\/uploads\/sites\/9\/2018\/09\/curso-de-posgrado.jpg\"><img decoding=\"async\" loading=\"lazy\" class=\"aligncenter size-full wp-image-15413\" src=\"https:\/\/www.facet.unt.edu.ar\/facetinforma\/wp-content\/uploads\/sites\/9\/2018\/09\/curso-de-posgrado.jpg\" alt=\"\" width=\"481\" height=\"710\" srcset=\"https:\/\/www.facet.unt.edu.ar\/facetinforma\/wp-content\/uploads\/sites\/9\/2018\/09\/curso-de-posgrado.jpg 481w, https:\/\/www.facet.unt.edu.ar\/facetinforma\/wp-content\/uploads\/sites\/9\/2018\/09\/curso-de-posgrado-203x300.jpg 203w\" sizes=\"(max-width: 481px) 100vw, 481px\" \/><\/a><\/p>\n","protected":false},"excerpt":{"rendered":"<p>Se invita a la comunidad universitaria a realizar el curso de posgrado \u201cHerramientas para la Gesti\u00f3n de Aulas Virtuales\u201d que dar\u00e1 inicio el d\u00eda viernes 28 de septiembre, a las 9:00 hs, en el Laboratorio FOMEC, Block 3 (Decanato), 1\u00ba Piso, de la FACET. El curso de modalidad semi- presencial, est\u00e1 dirigido a docentes universitarios, [&hellip;]<\/p>\n","protected":false},"author":6,"featured_media":0,"comment_status":"closed","ping_status":"closed","sticky":false,"template":"","format":"standard","meta":[],"categories":[5],"tags":[],"_links":{"self":[{"href":"https:\/\/www.facet.unt.edu.ar\/facetinforma\/wp-json\/wp\/v2\/posts\/15408"}],"collection":[{"href":"https:\/\/www.facet.unt.edu.ar\/facetinforma\/wp-json\/wp\/v2\/posts"}],"about":[{"href":"https:\/\/www.facet.unt.edu.ar\/facetinforma\/wp-json\/wp\/v2\/types\/post"}],"author":[{"embeddable":true,"href":"https:\/\/www.facet.unt.edu.ar\/facetinforma\/wp-json\/wp\/v2\/users\/6"}],"replies":[{"embeddable":true,"href":"https:\/\/www.facet.unt.edu.ar\/facetinforma\/wp-json\/wp\/v2\/comments?post=15408"}],"version-history":[{"count":7,"href":"https:\/\/www.facet.unt.edu.ar\/facetinforma\/wp-json\/wp\/v2\/posts\/15408\/revisions"}],"predecessor-version":[{"id":15420,"href":"https:\/\/www.facet.unt.edu.ar\/facetinforma\/wp-json\/wp\/v2\/posts\/15408\/revisions\/15420"}],"wp:attachment":[{"href":"https:\/\/www.facet.unt.edu.ar\/facetinforma\/wp-json\/wp\/v2\/media?parent=15408"}],"wp:term":[{"taxonomy":"category","embeddable":true,"href":"https:\/\/www.facet.unt.edu.ar\/facetinforma\/wp-json\/wp\/v2\/categories?post=15408"},{"taxonomy":"post_tag","embeddable":true,"href":"https:\/\/www.facet.unt.edu.ar\/facetinforma\/wp-json\/wp\/v2\/tags?post=15408"}],"curies":[{"name":"wp","href":"https:\/\/api.w.org\/{rel}","templated":true}]}}