{"id":15443,"date":"2018-09-20T12:57:29","date_gmt":"2018-09-20T15:57:29","guid":{"rendered":"https:\/\/www.facet.unt.edu.ar\/facetinforma\/?p=15443"},"modified":"2018-09-20T15:32:24","modified_gmt":"2018-09-20T18:32:24","slug":"curso-de-posgrado-modernas-tecnologias-de-sistemas-de-comunicaciones-moviles","status":"publish","type":"post","link":"https:\/\/www.facet.unt.edu.ar\/facetinforma\/2018\/09\/20\/curso-de-posgrado-modernas-tecnologias-de-sistemas-de-comunicaciones-moviles\/","title":{"rendered":"Curso de Posgrado \u201cModernas Tecnolog\u00edas de Sistemas de Comunicaciones M\u00f3viles\u201d"},"content":{"rendered":"<p>Del <strong>2 al 5 de Octubre del corriente a\u00f1o<\/strong>, en el horario de <strong>14 a 17 hs<\/strong>, se realizar\u00e1 en la FACET el Curso de Posgrado <strong>\u201cModernas Tecnolog\u00edas de Sistemas de Comunicaciones M\u00f3viles\u201d,<\/strong> a cargo del <strong>Prof. Dr. Ing. <\/strong><strong>Marcos Katz <\/strong>(Centre for Wireless Communications, University of Oulu, Finland). El mismo est\u00e1 destinado a graduados de las carreras de Ingenier\u00eda Electr\u00f3nica, Ingenier\u00eda en Computaci\u00f3n, Licenciatura en Inform\u00e1tica y carreras afines. <!--more--><\/p>\n<p>El objetivo del curso es brindar al estudiante de posgrado los conocimientos fundamentales sobre aspectos avanzados de las comunicaciones m\u00f3viles.<\/p>\n<p>El curso, de modalidad presencial, se desarrollar\u00e1 en el Laboratorio de Telecomunicaciones (LTC) del Dpto. de Electricidad, Electr\u00f3nica y Computaci\u00f3n de la FACET.<\/p>\n<p><strong>Arancel: <\/strong><br \/>\nDocentes del DEEC-FACET-UNT: Sin cargo<br \/>\nExternos a la UNT: $1000<\/p>\n<p>El curso tiene <strong>cupo limitado<\/strong>.<\/p>\n<p><strong>Inscripciones e informes<\/strong>: <a href=\"mailto:jise@herrera.unt.edu.ar\" target=\"_blank\" rel=\"noopener\">jise@herrera.unt.edu.ar<\/a><\/p>\n<p>Para m\u00e1s informaci\u00f3n del curso, se adjunta el siguiente archivo: &#8211; <a href=\"https:\/\/www.facet.unt.edu.ar\/facetinforma\/wp-content\/uploads\/sites\/9\/2018\/09\/CURSO-DE-POSGRADO.pdf\" target=\"_blank\" rel=\"noopener\">Modernas Tecnolog\u00edas de Sistemas de Comunicaciones M\u00f3viles.pdf<\/a><\/p>\n<p><a href=\"https:\/\/www.facet.unt.edu.ar\/facetinforma\/wp-content\/uploads\/sites\/9\/2018\/09\/poster-curso-mod_tec_sist_com_mov.png\"><img decoding=\"async\" loading=\"lazy\" class=\"aligncenter wp-image-15444\" src=\"https:\/\/www.facet.unt.edu.ar\/facetinforma\/wp-content\/uploads\/sites\/9\/2018\/09\/poster-curso-mod_tec_sist_com_mov-725x1024.png\" alt=\"\" width=\"637\" height=\"900\" srcset=\"https:\/\/www.facet.unt.edu.ar\/facetinforma\/wp-content\/uploads\/sites\/9\/2018\/09\/poster-curso-mod_tec_sist_com_mov-725x1024.png 725w, https:\/\/www.facet.unt.edu.ar\/facetinforma\/wp-content\/uploads\/sites\/9\/2018\/09\/poster-curso-mod_tec_sist_com_mov-212x300.png 212w, https:\/\/www.facet.unt.edu.ar\/facetinforma\/wp-content\/uploads\/sites\/9\/2018\/09\/poster-curso-mod_tec_sist_com_mov-768x1085.png 768w, https:\/\/www.facet.unt.edu.ar\/facetinforma\/wp-content\/uploads\/sites\/9\/2018\/09\/poster-curso-mod_tec_sist_com_mov.png 1123w\" sizes=\"(max-width: 637px) 100vw, 637px\" \/><\/a><\/p>\n<p>&nbsp;<\/p>\n","protected":false},"excerpt":{"rendered":"<p>Del 2 al 5 de Octubre del corriente a\u00f1o, en el horario de 14 a 17 hs, se realizar\u00e1 en la FACET el Curso de Posgrado \u201cModernas Tecnolog\u00edas de Sistemas de Comunicaciones M\u00f3viles\u201d, a cargo del Prof. Dr. Ing. Marcos Katz (Centre for Wireless Communications, University of Oulu, Finland). El mismo est\u00e1 destinado a graduados [&hellip;]<\/p>\n","protected":false},"author":6,"featured_media":0,"comment_status":"closed","ping_status":"closed","sticky":false,"template":"","format":"standard","meta":[],"categories":[5,4],"tags":[],"_links":{"self":[{"href":"https:\/\/www.facet.unt.edu.ar\/facetinforma\/wp-json\/wp\/v2\/posts\/15443"}],"collection":[{"href":"https:\/\/www.facet.unt.edu.ar\/facetinforma\/wp-json\/wp\/v2\/posts"}],"about":[{"href":"https:\/\/www.facet.unt.edu.ar\/facetinforma\/wp-json\/wp\/v2\/types\/post"}],"author":[{"embeddable":true,"href":"https:\/\/www.facet.unt.edu.ar\/facetinforma\/wp-json\/wp\/v2\/users\/6"}],"replies":[{"embeddable":true,"href":"https:\/\/www.facet.unt.edu.ar\/facetinforma\/wp-json\/wp\/v2\/comments?post=15443"}],"version-history":[{"count":10,"href":"https:\/\/www.facet.unt.edu.ar\/facetinforma\/wp-json\/wp\/v2\/posts\/15443\/revisions"}],"predecessor-version":[{"id":15466,"href":"https:\/\/www.facet.unt.edu.ar\/facetinforma\/wp-json\/wp\/v2\/posts\/15443\/revisions\/15466"}],"wp:attachment":[{"href":"https:\/\/www.facet.unt.edu.ar\/facetinforma\/wp-json\/wp\/v2\/media?parent=15443"}],"wp:term":[{"taxonomy":"category","embeddable":true,"href":"https:\/\/www.facet.unt.edu.ar\/facetinforma\/wp-json\/wp\/v2\/categories?post=15443"},{"taxonomy":"post_tag","embeddable":true,"href":"https:\/\/www.facet.unt.edu.ar\/facetinforma\/wp-json\/wp\/v2\/tags?post=15443"}],"curies":[{"name":"wp","href":"https:\/\/api.w.org\/{rel}","templated":true}]}}