{"id":15470,"date":"2018-09-21T12:16:17","date_gmt":"2018-09-21T15:16:17","guid":{"rendered":"https:\/\/www.facet.unt.edu.ar\/facetinforma\/?p=15470"},"modified":"2018-09-21T12:16:17","modified_gmt":"2018-09-21T15:16:17","slug":"convocatoria-proyectos-id-orientados-dr-abel-peirano","status":"publish","type":"post","link":"https:\/\/www.facet.unt.edu.ar\/facetinforma\/2018\/09\/21\/convocatoria-proyectos-id-orientados-dr-abel-peirano\/","title":{"rendered":"Convocatoria Proyectos I+D Orientados Dr. Abel Peirano"},"content":{"rendered":"<p>El Consejo de Investigaciones de la UNT (CIUNT) convoca a docentes-investigadores a \u00a0la presentaci\u00f3n de\u00a0<strong>Proyectos I+D Orientados\u00a0<\/strong>en las \u00e1reas de Ambiente y Tecnolog\u00eda. La convocatoria estar\u00e1 vigente desde el<strong> 1 hasta el\u00a029 de Octubre\u00a0de 2018<\/strong>.\u00a0<!--more--><\/p>\n<p>Los proyectos, de dos a\u00f1os de duraci\u00f3n, se concursar\u00e1n en el marco de las resoluciones del Honorable Consejo Superior N\u00b0 305\/2018 y 51\/2018.<\/p>\n<p>Se financiar\u00e1n 2 proyectos por un monto total de $295.000, que tendr\u00e1n 2 a\u00f1os de duraci\u00f3n y deber\u00e1n ajustarse a uno de los siguientes temas estrat\u00e9gicos:<\/p>\n<p><strong>\u00c1rea Ambiente:\u00a0<\/strong><br \/>\nGesti\u00f3n y protecci\u00f3n de cuencas h\u00eddricas<br \/>\nTecnolog\u00eda para la gesti\u00f3n y el reciclado de residuos<br \/>\nH\u00e1bitat y calidad de vida<\/p>\n<p><strong>\u00c1rea Tecnolog\u00eda:\u00a0<\/strong><br \/>\nGeneraci\u00f3n, transporte y uso racional de la energ\u00eda<br \/>\nTIC&#8217;s<br \/>\nInnovaciones tecnol\u00f3gicas<\/p>\n<p>La carga en SIGEVA se habilitar\u00e1 el\u00a0<strong>1 de Octubre<\/strong>, mientras tanto, se env\u00eda adjunto para conocimiento de los interesados, las bases de la Convocatoria y el Formulario que deber\u00e1 completarse y adjuntarse a la plataforma del SIGEVA:<\/p>\n<ul>\n<li><a href=\"https:\/\/www.facet.unt.edu.ar\/facetinforma\/wp-content\/uploads\/sites\/9\/2018\/09\/Bases-de-la-Convocatoria-Abel-Peirano.pdf\" target=\"_blank\" rel=\"noopener\">Bases de la Convocatoria.pdf<\/a><\/li>\n<li><a href=\"https:\/\/www.facet.unt.edu.ar\/facetinforma\/wp-content\/uploads\/sites\/9\/2018\/09\/Formulario-ANEXO-Proyectos-Abel-Peirano.docx\" target=\"_blank\" rel=\"noopener\">Formulario.docx<\/a><\/li>\n<\/ul>\n","protected":false},"excerpt":{"rendered":"<p>El Consejo de Investigaciones de la UNT (CIUNT) convoca a docentes-investigadores a \u00a0la presentaci\u00f3n de\u00a0Proyectos I+D Orientados\u00a0en las \u00e1reas de Ambiente y Tecnolog\u00eda. La convocatoria estar\u00e1 vigente desde el 1 hasta el\u00a029 de Octubre\u00a0de 2018.\u00a0<\/p>\n","protected":false},"author":6,"featured_media":0,"comment_status":"closed","ping_status":"closed","sticky":false,"template":"","format":"standard","meta":[],"categories":[5],"tags":[],"_links":{"self":[{"href":"https:\/\/www.facet.unt.edu.ar\/facetinforma\/wp-json\/wp\/v2\/posts\/15470"}],"collection":[{"href":"https:\/\/www.facet.unt.edu.ar\/facetinforma\/wp-json\/wp\/v2\/posts"}],"about":[{"href":"https:\/\/www.facet.unt.edu.ar\/facetinforma\/wp-json\/wp\/v2\/types\/post"}],"author":[{"embeddable":true,"href":"https:\/\/www.facet.unt.edu.ar\/facetinforma\/wp-json\/wp\/v2\/users\/6"}],"replies":[{"embeddable":true,"href":"https:\/\/www.facet.unt.edu.ar\/facetinforma\/wp-json\/wp\/v2\/comments?post=15470"}],"version-history":[{"count":1,"href":"https:\/\/www.facet.unt.edu.ar\/facetinforma\/wp-json\/wp\/v2\/posts\/15470\/revisions"}],"predecessor-version":[{"id":15473,"href":"https:\/\/www.facet.unt.edu.ar\/facetinforma\/wp-json\/wp\/v2\/posts\/15470\/revisions\/15473"}],"wp:attachment":[{"href":"https:\/\/www.facet.unt.edu.ar\/facetinforma\/wp-json\/wp\/v2\/media?parent=15470"}],"wp:term":[{"taxonomy":"category","embeddable":true,"href":"https:\/\/www.facet.unt.edu.ar\/facetinforma\/wp-json\/wp\/v2\/categories?post=15470"},{"taxonomy":"post_tag","embeddable":true,"href":"https:\/\/www.facet.unt.edu.ar\/facetinforma\/wp-json\/wp\/v2\/tags?post=15470"}],"curies":[{"name":"wp","href":"https:\/\/api.w.org\/{rel}","templated":true}]}}