{"id":15534,"date":"2018-10-02T17:08:25","date_gmt":"2018-10-02T20:08:25","guid":{"rendered":"https:\/\/www.facet.unt.edu.ar\/facetinforma\/?p=15534"},"modified":"2018-10-11T12:19:19","modified_gmt":"2018-10-11T15:19:19","slug":"curso-autocad-2d-orientado-a-la-construccion-de-planos-de-instalaciones-electricas-2","status":"publish","type":"post","link":"https:\/\/www.facet.unt.edu.ar\/facetinforma\/2018\/10\/02\/curso-autocad-2d-orientado-a-la-construccion-de-planos-de-instalaciones-electricas-2\/","title":{"rendered":"Curso \u201cAutoCAD 2D orientado a la Construcci\u00f3n de Planos de Instalaciones El\u00e9ctricas\u201d"},"content":{"rendered":"<p>El <strong>lunes 22 de octubre<\/strong>, a las<strong> 19:00 hs<\/strong>, dar\u00e1 inicio la 3ra edici\u00f3n del <strong>Curso \u201cAutoCAD 2D \u2013 Orientado a la Construcci\u00f3n de Planos de Instalaciones El\u00e9ctricas\u201d<\/strong>, a cargo de los docentes de la C\u00e1tedra de Dise\u00f1o Asistido de la FACET. <!--more--><\/p>\n<p>El mismo est\u00e1 dirigido a estudiantes y p\u00fablico en general interesados en la confecci\u00f3n de planos de instalaciones el\u00e9ctricas seg\u00fan normas, y se llevar\u00e1 a cabo en el Laboratorio de \u201cDise\u00f1o Asistido\u201d, del \u00c1rea Sistemas de Representaci\u00f3n, Block 1, PB, Of. 1-0-05 de la FACET.<\/p>\n<p><span style=\"text-decoration: underline;\">Duraci\u00f3n<\/span>: 5 semanas \u2013 4 hs semanales<\/p>\n<p><span style=\"text-decoration: underline;\">Modalidad<\/span>: Te\u00f3rico \u2013 Pr\u00e1ctico<br \/>\nClases Te\u00f3ricas: Lunes de 19 a 21 hs.<br \/>\nClases Pr\u00e1cticas: Martes de 19 a 21 hs.<\/p>\n<p><span style=\"text-decoration: underline;\">N\u00famero de vacantes<\/span>: 22 alumnos<\/p>\n<p><span style=\"text-decoration: underline;\">Arancel<\/span>:<br \/>\nP\u00fablico en General: $ 1400<br \/>\nEstudiantes FACET: $ 900 (c\/opc. 2 partes)<\/p>\n<p><span style=\"text-decoration: underline;\">Inscripci\u00f3n<\/span>: hasta el <strong>Lunes 22 de Octubre,<\/strong> en Asociaci\u00f3n Cooperadora FACET, Block 3, PB.<\/p>\n<p>Se entregar\u00e1n certificados de Asistencia\/Aprobado.<\/p>\n<p>Por consultas e informes contactarse a: <a href=\"mailto:dasistido@herrera.unt.edu.ar\">dasistido@herrera.unt.edu.ar<\/a><\/p>\n<p><a href=\"https:\/\/www.facet.unt.edu.ar\/facetinforma\/wp-content\/uploads\/sites\/9\/2018\/10\/curso-AutoCAD-2D-orientado-a-la-Construcci\u00f3n-de-Planos-de-Instalaciones-El\u00e9ctricas.png\"><img decoding=\"async\" loading=\"lazy\" class=\"aligncenter wp-image-15665\" src=\"https:\/\/www.facet.unt.edu.ar\/facetinforma\/wp-content\/uploads\/sites\/9\/2018\/10\/curso-AutoCAD-2D-orientado-a-la-Construcci\u00f3n-de-Planos-de-Instalaciones-El\u00e9ctricas-1024x1022.png\" alt=\"\" width=\"526\" height=\"525\" srcset=\"https:\/\/www.facet.unt.edu.ar\/facetinforma\/wp-content\/uploads\/sites\/9\/2018\/10\/curso-AutoCAD-2D-orientado-a-la-Construcci\u00f3n-de-Planos-de-Instalaciones-El\u00e9ctricas-1024x1022.png 1024w, https:\/\/www.facet.unt.edu.ar\/facetinforma\/wp-content\/uploads\/sites\/9\/2018\/10\/curso-AutoCAD-2D-orientado-a-la-Construcci\u00f3n-de-Planos-de-Instalaciones-El\u00e9ctricas-150x150.png 150w, https:\/\/www.facet.unt.edu.ar\/facetinforma\/wp-content\/uploads\/sites\/9\/2018\/10\/curso-AutoCAD-2D-orientado-a-la-Construcci\u00f3n-de-Planos-de-Instalaciones-El\u00e9ctricas-300x300.png 300w, https:\/\/www.facet.unt.edu.ar\/facetinforma\/wp-content\/uploads\/sites\/9\/2018\/10\/curso-AutoCAD-2D-orientado-a-la-Construcci\u00f3n-de-Planos-de-Instalaciones-El\u00e9ctricas-768x766.png 768w, https:\/\/www.facet.unt.edu.ar\/facetinforma\/wp-content\/uploads\/sites\/9\/2018\/10\/curso-AutoCAD-2D-orientado-a-la-Construcci\u00f3n-de-Planos-de-Instalaciones-El\u00e9ctricas.png 1500w\" sizes=\"(max-width: 526px) 100vw, 526px\" \/><\/a><\/p>\n","protected":false},"excerpt":{"rendered":"<p>El lunes 22 de octubre, a las 19:00 hs, dar\u00e1 inicio la 3ra edici\u00f3n del Curso \u201cAutoCAD 2D \u2013 Orientado a la Construcci\u00f3n de Planos de Instalaciones El\u00e9ctricas\u201d, a cargo de los docentes de la C\u00e1tedra de Dise\u00f1o Asistido de la FACET.<\/p>\n","protected":false},"author":6,"featured_media":0,"comment_status":"closed","ping_status":"closed","sticky":false,"template":"","format":"standard","meta":[],"categories":[5],"tags":[],"_links":{"self":[{"href":"https:\/\/www.facet.unt.edu.ar\/facetinforma\/wp-json\/wp\/v2\/posts\/15534"}],"collection":[{"href":"https:\/\/www.facet.unt.edu.ar\/facetinforma\/wp-json\/wp\/v2\/posts"}],"about":[{"href":"https:\/\/www.facet.unt.edu.ar\/facetinforma\/wp-json\/wp\/v2\/types\/post"}],"author":[{"embeddable":true,"href":"https:\/\/www.facet.unt.edu.ar\/facetinforma\/wp-json\/wp\/v2\/users\/6"}],"replies":[{"embeddable":true,"href":"https:\/\/www.facet.unt.edu.ar\/facetinforma\/wp-json\/wp\/v2\/comments?post=15534"}],"version-history":[{"count":5,"href":"https:\/\/www.facet.unt.edu.ar\/facetinforma\/wp-json\/wp\/v2\/posts\/15534\/revisions"}],"predecessor-version":[{"id":15667,"href":"https:\/\/www.facet.unt.edu.ar\/facetinforma\/wp-json\/wp\/v2\/posts\/15534\/revisions\/15667"}],"wp:attachment":[{"href":"https:\/\/www.facet.unt.edu.ar\/facetinforma\/wp-json\/wp\/v2\/media?parent=15534"}],"wp:term":[{"taxonomy":"category","embeddable":true,"href":"https:\/\/www.facet.unt.edu.ar\/facetinforma\/wp-json\/wp\/v2\/categories?post=15534"},{"taxonomy":"post_tag","embeddable":true,"href":"https:\/\/www.facet.unt.edu.ar\/facetinforma\/wp-json\/wp\/v2\/tags?post=15534"}],"curies":[{"name":"wp","href":"https:\/\/api.w.org\/{rel}","templated":true}]}}