{"id":15586,"date":"2018-10-05T19:44:02","date_gmt":"2018-10-05T22:44:02","guid":{"rendered":"https:\/\/www.facet.unt.edu.ar\/facetinforma\/?p=15586"},"modified":"2018-10-05T20:06:02","modified_gmt":"2018-10-05T23:06:02","slug":"experiencia-endeavor-noa-evento-para-emprendedores","status":"publish","type":"post","link":"https:\/\/www.facet.unt.edu.ar\/facetinforma\/2018\/10\/05\/experiencia-endeavor-noa-evento-para-emprendedores\/","title":{"rendered":"Experiencia Endeavor NOA &#8211; Evento para emprendedores"},"content":{"rendered":"<p>El pr\u00f3ximo 25 de Octubre, de 9:00 a 18.00 hs, se llevar\u00e1 a cabo en el Centro Cultural San Mart\u00edn de Termas de R\u00edo Hondo el evento para emprendedores m\u00e1s importante del NOA \u201cExperiencia Endeavor NOA\u201d.<!--more--><\/p>\n<p>&#8220;Experiencia Endeavor NOA&#8221; es un evento que busca inspirar, capacitar y conectar a trav\u00e9s de historias inspiradoras, encuentros con importantes inversores y capacitaciones que brindan herramientas para optimizar proyectos. Es un espacio para conectarse durante toda una jornada con el ecosistema emprendedor del NOA.<\/p>\n<p>Emprendedores y empresarios con su experiencia buscar\u00e1n inspirar y motivar a la audiencia. Los disertantes que se dar\u00e1n cita son: Jorge Melguizo, l\u00edder del cambio cultural de Medell\u00edn, Israel Cinman, Alejandro Malgor de Xinca, Daniel Simons de Bildo, Cecilia Retegui de Zolvers, Lucy Vilte de Hostal Posta Purmamarca, Luciana Rezk\u00edn de Wolox; Exequiel Escobar, Daniel Estofan y Santiago Ruiz Nicolini de Usound e Infomanager.<\/p>\n<p>Adem\u00e1s de las historias emprendedoras, \u201cExperiencia Endeavor NOA\u201d contar\u00e1 con 3 talleres de Google, IBM y TEAMSWINS con herramientas \u00fatiles para armar, gestionar y potenciar negocios.<\/p>\n<p>El evento est\u00e1 destinado para estudiantes (universitarios y de secundarios), docentes, empresarios, emprendedores y p\u00fablico en general.<\/p>\n<p>Inscripciones en: <a href=\"https:\/\/www.intercloudy.net\/1365\/experiencia-endeavor\" target=\"_blank\" rel=\"noopener\">https:\/\/www.intercloudy.net\/1365\/experiencia-endeavor<\/a><\/p>\n<p>Consultas: <a href=\"mailto:constanza@accontenidos.com.ar\">constanza@accontenidos.com.ar<\/a><\/p>\n<p>Mayor informaci\u00f3n del evento: <a href=\"http:\/\/www.endeavor.org.ar\/\" target=\"_blank\" rel=\"noopener\">http:\/\/www.endeavor.org.ar\/<\/a><\/p>\n<p><a href=\"https:\/\/www.facet.unt.edu.ar\/facetinforma\/wp-content\/uploads\/sites\/9\/2018\/10\/Experiencia-Endeavor-NOA.jpeg\"><img decoding=\"async\" loading=\"lazy\" class=\"aligncenter wp-image-15587\" src=\"https:\/\/www.facet.unt.edu.ar\/facetinforma\/wp-content\/uploads\/sites\/9\/2018\/10\/Experiencia-Endeavor-NOA-1024x347.jpeg\" alt=\"\" width=\"640\" height=\"217\" srcset=\"https:\/\/www.facet.unt.edu.ar\/facetinforma\/wp-content\/uploads\/sites\/9\/2018\/10\/Experiencia-Endeavor-NOA-1024x347.jpeg 1024w, https:\/\/www.facet.unt.edu.ar\/facetinforma\/wp-content\/uploads\/sites\/9\/2018\/10\/Experiencia-Endeavor-NOA-300x102.jpeg 300w, https:\/\/www.facet.unt.edu.ar\/facetinforma\/wp-content\/uploads\/sites\/9\/2018\/10\/Experiencia-Endeavor-NOA-768x260.jpeg 768w, https:\/\/www.facet.unt.edu.ar\/facetinforma\/wp-content\/uploads\/sites\/9\/2018\/10\/Experiencia-Endeavor-NOA.jpeg 1180w\" sizes=\"(max-width: 640px) 100vw, 640px\" \/><\/a><\/p>\n","protected":false},"excerpt":{"rendered":"<p>El pr\u00f3ximo 25 de Octubre, de 9:00 a 18.00 hs, se llevar\u00e1 a cabo en el Centro Cultural San Mart\u00edn de Termas de R\u00edo Hondo el evento para emprendedores m\u00e1s importante del NOA \u201cExperiencia Endeavor NOA\u201d.<\/p>\n","protected":false},"author":6,"featured_media":0,"comment_status":"closed","ping_status":"closed","sticky":false,"template":"","format":"standard","meta":[],"categories":[5],"tags":[],"_links":{"self":[{"href":"https:\/\/www.facet.unt.edu.ar\/facetinforma\/wp-json\/wp\/v2\/posts\/15586"}],"collection":[{"href":"https:\/\/www.facet.unt.edu.ar\/facetinforma\/wp-json\/wp\/v2\/posts"}],"about":[{"href":"https:\/\/www.facet.unt.edu.ar\/facetinforma\/wp-json\/wp\/v2\/types\/post"}],"author":[{"embeddable":true,"href":"https:\/\/www.facet.unt.edu.ar\/facetinforma\/wp-json\/wp\/v2\/users\/6"}],"replies":[{"embeddable":true,"href":"https:\/\/www.facet.unt.edu.ar\/facetinforma\/wp-json\/wp\/v2\/comments?post=15586"}],"version-history":[{"count":4,"href":"https:\/\/www.facet.unt.edu.ar\/facetinforma\/wp-json\/wp\/v2\/posts\/15586\/revisions"}],"predecessor-version":[{"id":15595,"href":"https:\/\/www.facet.unt.edu.ar\/facetinforma\/wp-json\/wp\/v2\/posts\/15586\/revisions\/15595"}],"wp:attachment":[{"href":"https:\/\/www.facet.unt.edu.ar\/facetinforma\/wp-json\/wp\/v2\/media?parent=15586"}],"wp:term":[{"taxonomy":"category","embeddable":true,"href":"https:\/\/www.facet.unt.edu.ar\/facetinforma\/wp-json\/wp\/v2\/categories?post=15586"},{"taxonomy":"post_tag","embeddable":true,"href":"https:\/\/www.facet.unt.edu.ar\/facetinforma\/wp-json\/wp\/v2\/tags?post=15586"}],"curies":[{"name":"wp","href":"https:\/\/api.w.org\/{rel}","templated":true}]}}