{"id":15646,"date":"2018-10-09T13:58:29","date_gmt":"2018-10-09T16:58:29","guid":{"rendered":"https:\/\/www.facet.unt.edu.ar\/facetinforma\/?p=15646"},"modified":"2018-10-09T14:00:27","modified_gmt":"2018-10-09T17:00:27","slug":"charla-informativa-sobre-geoceldas","status":"publish","type":"post","link":"https:\/\/www.facet.unt.edu.ar\/facetinforma\/2018\/10\/09\/charla-informativa-sobre-geoceldas\/","title":{"rendered":"Charla Informativa sobre Geoceldas"},"content":{"rendered":"<p>Se invita a la comunidad universitaria a la charla informativa sobre el <strong>\u201cUso de Geoceldas PRS para estabilizaci\u00f3n y refuerzo de suelos en el \u00e1mbito vial, rural y en proyectos de urbanizaci\u00f3n\u201d<\/strong>, que se realizar\u00e1 hoy, <strong>martes 9 de octubre<\/strong>, a las <strong>20 hs<\/strong>, en el Colegio de Ingenieros Civiles de Tucum\u00e1n, Alberdi N\u00b0 786. <!--more--><\/p>\n<p>La misma estar\u00e1 a cargo del <strong>Ing.<\/strong>\u00a0<strong>Roberto Montanelli<\/strong> (gerente para Argentina, Uruguay y Paraguay de PRS Geotechnologies), y contar\u00e1 con la colaboraci\u00f3n del <strong>Ing.\u00a0Dar\u00edo Roberto Servetto\u00a0<\/strong>y de\u00a0<strong>Mart\u00edn Biancchi<\/strong>, representantes en la zona de PRS, quienes se encuentran promoviendo la comercializaci\u00f3n e instalaci\u00f3n de esta tecnolog\u00eda en el NOA.<\/p>\n<p>PRS es una empresa israel\u00ed especializada en geoceldas de neoloy, las \u00fanicas con propiedades t\u00e9cnicas a largo plazo para soportar cargas altas y\/o repetitivas como las presentes en el campo argentino.<\/p>\n<p>M\u00e1s informaci\u00f3n e inscripciones:<br \/>\n<strong>Tel\u00e9fonos:<\/strong>\u00a0(0381) 424-5502\/ 4248139,<br \/>\n<strong>E-mail de contacto:<\/strong>\u00a0<a href=\"https:\/\/colegio@ingcivtuc.org.ar\/\">colegio@ingcivtuc.org.ar<\/a><\/p>\n<p><a href=\"https:\/\/www.facet.unt.edu.ar\/facetinforma\/wp-content\/uploads\/sites\/9\/2018\/10\/tecnologia-para-campo-charla-informativa-sobre-geoceldas-786096-091711.jpg\"><img decoding=\"async\" loading=\"lazy\" class=\"aligncenter wp-image-15647\" src=\"https:\/\/www.facet.unt.edu.ar\/facetinforma\/wp-content\/uploads\/sites\/9\/2018\/10\/tecnologia-para-campo-charla-informativa-sobre-geoceldas-786096-091711.jpg\" alt=\"\" width=\"571\" height=\"286\" srcset=\"https:\/\/www.facet.unt.edu.ar\/facetinforma\/wp-content\/uploads\/sites\/9\/2018\/10\/tecnologia-para-campo-charla-informativa-sobre-geoceldas-786096-091711.jpg 940w, https:\/\/www.facet.unt.edu.ar\/facetinforma\/wp-content\/uploads\/sites\/9\/2018\/10\/tecnologia-para-campo-charla-informativa-sobre-geoceldas-786096-091711-300x150.jpg 300w, https:\/\/www.facet.unt.edu.ar\/facetinforma\/wp-content\/uploads\/sites\/9\/2018\/10\/tecnologia-para-campo-charla-informativa-sobre-geoceldas-786096-091711-768x384.jpg 768w\" sizes=\"(max-width: 571px) 100vw, 571px\" \/><\/a><\/p>\n","protected":false},"excerpt":{"rendered":"<p>Se invita a la comunidad universitaria a la charla informativa sobre el \u201cUso de Geoceldas PRS para estabilizaci\u00f3n y refuerzo de suelos en el \u00e1mbito vial, rural y en proyectos de urbanizaci\u00f3n\u201d, que se realizar\u00e1 hoy, martes 9 de octubre, a las 20 hs, en el Colegio de Ingenieros Civiles de Tucum\u00e1n, Alberdi N\u00b0 786.<\/p>\n","protected":false},"author":6,"featured_media":0,"comment_status":"closed","ping_status":"closed","sticky":false,"template":"","format":"standard","meta":[],"categories":[5],"tags":[],"_links":{"self":[{"href":"https:\/\/www.facet.unt.edu.ar\/facetinforma\/wp-json\/wp\/v2\/posts\/15646"}],"collection":[{"href":"https:\/\/www.facet.unt.edu.ar\/facetinforma\/wp-json\/wp\/v2\/posts"}],"about":[{"href":"https:\/\/www.facet.unt.edu.ar\/facetinforma\/wp-json\/wp\/v2\/types\/post"}],"author":[{"embeddable":true,"href":"https:\/\/www.facet.unt.edu.ar\/facetinforma\/wp-json\/wp\/v2\/users\/6"}],"replies":[{"embeddable":true,"href":"https:\/\/www.facet.unt.edu.ar\/facetinforma\/wp-json\/wp\/v2\/comments?post=15646"}],"version-history":[{"count":4,"href":"https:\/\/www.facet.unt.edu.ar\/facetinforma\/wp-json\/wp\/v2\/posts\/15646\/revisions"}],"predecessor-version":[{"id":15651,"href":"https:\/\/www.facet.unt.edu.ar\/facetinforma\/wp-json\/wp\/v2\/posts\/15646\/revisions\/15651"}],"wp:attachment":[{"href":"https:\/\/www.facet.unt.edu.ar\/facetinforma\/wp-json\/wp\/v2\/media?parent=15646"}],"wp:term":[{"taxonomy":"category","embeddable":true,"href":"https:\/\/www.facet.unt.edu.ar\/facetinforma\/wp-json\/wp\/v2\/categories?post=15646"},{"taxonomy":"post_tag","embeddable":true,"href":"https:\/\/www.facet.unt.edu.ar\/facetinforma\/wp-json\/wp\/v2\/tags?post=15646"}],"curies":[{"name":"wp","href":"https:\/\/api.w.org\/{rel}","templated":true}]}}