{"id":15658,"date":"2018-10-10T11:35:42","date_gmt":"2018-10-10T14:35:42","guid":{"rendered":"https:\/\/www.facet.unt.edu.ar\/facetinforma\/?p=15658"},"modified":"2018-10-10T11:36:18","modified_gmt":"2018-10-10T14:36:18","slug":"1-congreso-de-produccion-y-diseno-fau-unt","status":"publish","type":"post","link":"https:\/\/www.facet.unt.edu.ar\/facetinforma\/2018\/10\/10\/1-congreso-de-produccion-y-diseno-fau-unt\/","title":{"rendered":"1\u00b0 Congreso de Producci\u00f3n y Dise\u00f1o FAU \u2013 UNT"},"content":{"rendered":"<p>Durante los d\u00edas 18, 19 y 20 de octubre de 2018, se llevar\u00e1 a cabo en la Facultad\u00a0de Arquitectura y Urbanismo de\u00a0la UNT el<strong> \u201c1\u00b0 Congreso Argentino de\u00a0Producci\u00f3n\u00a0y Dise\u00f1o\u201d<\/strong>.\u00a0El mismo propone crear un espacio para la revisi\u00f3n, reflexi\u00f3n e intercambio de los procesos de dise\u00f1o, gesti\u00f3n y producci\u00f3n involucrados en la materializaci\u00f3n de hechos arquitect\u00f3nicos de contextos distintos y de escalas diversas.\u00a0<!--more--><\/p>\n<p>El congreso est\u00e1 destinado a\u00a0docentes, graduados y estudiantes de carreras universitarias vinculadas con la actividad del dise\u00f1o y la producci\u00f3n.<\/p>\n<p><u>Ejes tem\u00e1ticos<\/u>:<br \/>\nLa\u00a0\u201cGesti\u00f3n\u00a0del Proyecto\u201d desde la visi\u00f3n de:<br \/>\nLO TECNOL\u00d3GICO: El impacto de la tecnolog\u00eda en\u00a0la Arquitectura.\u00a0\u00bfLas nuevas tecnolog\u00edas est\u00e1n cambiando la arquitectura? Influencia de las nuevas herramientas digitales y de simulaci\u00f3n.<br \/>\nLO SUSTENTABLE: C\u00f3mo construir sustentable. La relaci\u00f3n de la arquitectura sustentable y el mercado local del NOA. La relaci\u00f3n costo &#8211; beneficio a la luz de los costos de la energ\u00eda.<br \/>\nLA CALIDAD: La\u00a0gesti\u00f3n del proyecto y la gesti\u00f3n de calidad. Formas de gesti\u00f3n que permiten conseguir y mejorar niveles de eficiencia y eficacia. Calidad del proyecto. Calidad de la obra. Calidad de la gesti\u00f3n. La calidad percibida.<br \/>\nLA SEGURIDAD: La\u00a0gesti\u00f3n del proyecto y la gesti\u00f3n de la seguridad. La gesti\u00f3n preventiva. La seguridad es rentable. Seguridad del producto. Seguridad del proceso. Estado de situaci\u00f3n en la regi\u00f3n NOA.<\/p>\n<p>Se adjuntan circulares y la ficha de inscripci\u00f3n:<br \/>\n&#8211; <a href=\"https:\/\/www.facet.unt.edu.ar\/facetinforma\/wp-content\/uploads\/sites\/9\/2018\/10\/CONGRESO-PyD-1\u00b0CIRCULAR-2.pdf\" target=\"_blank\" rel=\"noopener\">1\u00aa Circular.pdf<\/a><br \/>\n&#8211; <a href=\"https:\/\/www.facet.unt.edu.ar\/facetinforma\/wp-content\/uploads\/sites\/9\/2018\/10\/CRONOGRAMA-2\u00b0Circular-2.pdf\" target=\"_blank\" rel=\"noopener\">2\u00aa Circular \u2013 Cronograma.pdf<\/a><br \/>\n&#8211; <a href=\"https:\/\/www.facet.unt.edu.ar\/facetinforma\/wp-content\/uploads\/sites\/9\/2018\/10\/CONGRESO-PyD-3\u00b0CIRCULAR-2.pdf\" target=\"_blank\" rel=\"noopener\">3\u00aa Circular.pdf<\/a><br \/>\n&#8211; <a href=\"https:\/\/www.facet.unt.edu.ar\/facetinforma\/wp-content\/uploads\/sites\/9\/2018\/10\/FICHA-DE-INSCRIPCION-CONGRESO-PyD-.docx\" target=\"_blank\" rel=\"noopener\">Ficha de Inscripci\u00f3n.docx<\/a><\/p>\n","protected":false},"excerpt":{"rendered":"<p>Durante los d\u00edas 18, 19 y 20 de octubre de 2018, se llevar\u00e1 a cabo en la Facultad\u00a0de Arquitectura y Urbanismo de\u00a0la UNT el \u201c1\u00b0 Congreso Argentino de\u00a0Producci\u00f3n\u00a0y Dise\u00f1o\u201d.\u00a0El mismo propone crear un espacio para la revisi\u00f3n, reflexi\u00f3n e intercambio de los procesos de dise\u00f1o, gesti\u00f3n y producci\u00f3n involucrados en la materializaci\u00f3n de hechos arquitect\u00f3nicos [&hellip;]<\/p>\n","protected":false},"author":6,"featured_media":0,"comment_status":"closed","ping_status":"closed","sticky":false,"template":"","format":"standard","meta":[],"categories":[5],"tags":[],"_links":{"self":[{"href":"https:\/\/www.facet.unt.edu.ar\/facetinforma\/wp-json\/wp\/v2\/posts\/15658"}],"collection":[{"href":"https:\/\/www.facet.unt.edu.ar\/facetinforma\/wp-json\/wp\/v2\/posts"}],"about":[{"href":"https:\/\/www.facet.unt.edu.ar\/facetinforma\/wp-json\/wp\/v2\/types\/post"}],"author":[{"embeddable":true,"href":"https:\/\/www.facet.unt.edu.ar\/facetinforma\/wp-json\/wp\/v2\/users\/6"}],"replies":[{"embeddable":true,"href":"https:\/\/www.facet.unt.edu.ar\/facetinforma\/wp-json\/wp\/v2\/comments?post=15658"}],"version-history":[{"count":1,"href":"https:\/\/www.facet.unt.edu.ar\/facetinforma\/wp-json\/wp\/v2\/posts\/15658\/revisions"}],"predecessor-version":[{"id":15659,"href":"https:\/\/www.facet.unt.edu.ar\/facetinforma\/wp-json\/wp\/v2\/posts\/15658\/revisions\/15659"}],"wp:attachment":[{"href":"https:\/\/www.facet.unt.edu.ar\/facetinforma\/wp-json\/wp\/v2\/media?parent=15658"}],"wp:term":[{"taxonomy":"category","embeddable":true,"href":"https:\/\/www.facet.unt.edu.ar\/facetinforma\/wp-json\/wp\/v2\/categories?post=15658"},{"taxonomy":"post_tag","embeddable":true,"href":"https:\/\/www.facet.unt.edu.ar\/facetinforma\/wp-json\/wp\/v2\/tags?post=15658"}],"curies":[{"name":"wp","href":"https:\/\/api.w.org\/{rel}","templated":true}]}}