{"id":15736,"date":"2018-10-16T18:46:02","date_gmt":"2018-10-16T21:46:02","guid":{"rendered":"https:\/\/www.facet.unt.edu.ar\/facetinforma\/?p=15736"},"modified":"2018-10-16T18:56:46","modified_gmt":"2018-10-16T21:56:46","slug":"este-miercoles-no-abrira-la-muestra-educatec","status":"publish","type":"post","link":"https:\/\/www.facet.unt.edu.ar\/facetinforma\/2018\/10\/16\/este-miercoles-no-abrira-la-muestra-educatec\/","title":{"rendered":"Este mi\u00e9rcoles, no abrir\u00e1 la Muestra EDUCATEC"},"content":{"rendered":"<p>Se informa a la comunidad de la FACET que ma\u00f1ana, mi\u00e9rcoles 17 de octubre, la Muestra EDUCATEC permanecer\u00e1 cerrada al p\u00fablico. <!--more--><\/p>\n<p>Las actividades que estaban previstas para ma\u00f1ana, ser\u00e1n reprogramadas.<\/p>\n<p>Adem\u00e1s, se invita a la comunidad educativa a participar de la muestra el d\u00eda s\u00e1bado 20 de octubre, de 15:00 a 20:00 hs, con talleres, charlas, exposiciones, etc. Para ello deber\u00e1n contactarse con el Sr. Fabi\u00e1n Ayarde, Secretario de Bienestar Estudiantil, al siguiente e-mail: fayarde@herrera.unt.edu.ar<\/p>\n<p>Se adjunta el cronograma previsto del 16 al 19 de octubre: &#8211; <a href=\"https:\/\/www.facet.unt.edu.ar\/facetinforma\/wp-content\/uploads\/sites\/9\/2018\/10\/EDUCATEC-2018-CRONOGRAMA-DE-ACTIVIDADES-FACET-del-16-al-19.pdf\" target=\"_blank\" rel=\"noopener\">Cronograma de Activiades.pdf<\/a><\/p>\n","protected":false},"excerpt":{"rendered":"<p>Se informa a la comunidad de la FACET que ma\u00f1ana, mi\u00e9rcoles 17 de octubre, la Muestra EDUCATEC permanecer\u00e1 cerrada al p\u00fablico.<\/p>\n","protected":false},"author":6,"featured_media":0,"comment_status":"closed","ping_status":"closed","sticky":false,"template":"","format":"standard","meta":[],"categories":[5],"tags":[],"_links":{"self":[{"href":"https:\/\/www.facet.unt.edu.ar\/facetinforma\/wp-json\/wp\/v2\/posts\/15736"}],"collection":[{"href":"https:\/\/www.facet.unt.edu.ar\/facetinforma\/wp-json\/wp\/v2\/posts"}],"about":[{"href":"https:\/\/www.facet.unt.edu.ar\/facetinforma\/wp-json\/wp\/v2\/types\/post"}],"author":[{"embeddable":true,"href":"https:\/\/www.facet.unt.edu.ar\/facetinforma\/wp-json\/wp\/v2\/users\/6"}],"replies":[{"embeddable":true,"href":"https:\/\/www.facet.unt.edu.ar\/facetinforma\/wp-json\/wp\/v2\/comments?post=15736"}],"version-history":[{"count":2,"href":"https:\/\/www.facet.unt.edu.ar\/facetinforma\/wp-json\/wp\/v2\/posts\/15736\/revisions"}],"predecessor-version":[{"id":15738,"href":"https:\/\/www.facet.unt.edu.ar\/facetinforma\/wp-json\/wp\/v2\/posts\/15736\/revisions\/15738"}],"wp:attachment":[{"href":"https:\/\/www.facet.unt.edu.ar\/facetinforma\/wp-json\/wp\/v2\/media?parent=15736"}],"wp:term":[{"taxonomy":"category","embeddable":true,"href":"https:\/\/www.facet.unt.edu.ar\/facetinforma\/wp-json\/wp\/v2\/categories?post=15736"},{"taxonomy":"post_tag","embeddable":true,"href":"https:\/\/www.facet.unt.edu.ar\/facetinforma\/wp-json\/wp\/v2\/tags?post=15736"}],"curies":[{"name":"wp","href":"https:\/\/api.w.org\/{rel}","templated":true}]}}