{"id":15893,"date":"2018-11-05T20:07:01","date_gmt":"2018-11-05T23:07:01","guid":{"rendered":"https:\/\/www.facet.unt.edu.ar\/facetinforma\/?p=15893"},"modified":"2018-11-05T20:07:01","modified_gmt":"2018-11-05T23:07:01","slug":"ii-jornada-de-internacionalizacion-de-la-educacion-superior-en-la-unt","status":"publish","type":"post","link":"https:\/\/www.facet.unt.edu.ar\/facetinforma\/2018\/11\/05\/ii-jornada-de-internacionalizacion-de-la-educacion-superior-en-la-unt\/","title":{"rendered":"II Jornada de Internacionalizaci\u00f3n de la Educaci\u00f3n Superior en la UNT"},"content":{"rendered":"<p>Se invita a la comunidad universitaria a participar de la \u201cII Jornada de Internacionalizaci\u00f3n de la Educaci\u00f3n Superior en la Universidad Nacional de Tucum\u00e1n \u2013 Programa Poncho-Erasmus Plus\u201d, que se llevar\u00e1 a cabo el mi\u00e9rcoles 7 de noviembre, de 9 a 13 hs, en el Aula de Posgrado de la Facultad de Arquitectura y Urbanismo \u2013 FAU.<!--more--><\/p>\n<p><span style=\"text-decoration: underline;\">Programa del evento<\/span>:<br \/>\n9:00 hs: Acto Inaugural a cargo de Autoridades de la UNT<br \/>\n9:30 hs: Conferencia \u201cEl Programa Poncho y la internacionalizaci\u00f3n de la UNT\u201d, a cargo del Dr. Ramiro Albarrac\u00edn (Director Gral. de Relaciones Internacionales de la UNT).<br \/>\n10:15 hs: Debate general sobre el proceso de autoevaluaci\u00f3n de las relaciones internacionales de la UNT solicitado por la Direcci\u00f3n Nacional de Gesti\u00f3n y Fiscalizaci\u00f3n Universitaria del Ministerio de Educaci\u00f3n de la Naci\u00f3n.<br \/>\n11:15 hs: Receso de 30 minutos<br \/>\n11:45 hs: Preparaci\u00f3n del evento final del Programa Poncho e informaci\u00f3n sobre la convocatoria para becas de asistencia a la actividad, a cargo del Dr. Ramiro Albarrac\u00edn.<br \/>\n12:30 hs: Indicaci\u00f3n de bibliograf\u00eda y gu\u00eda de lectura para presentar un trabajo de aprobaci\u00f3n de la jornada, requisito necesario para participar de la convocatoria de becas al evento de Asunci\u00f3n del Paraguay.<br \/>\n13:00 hs: Fin de la jornada.<\/p>\n","protected":false},"excerpt":{"rendered":"<p>Se invita a la comunidad universitaria a participar de la \u201cII Jornada de Internacionalizaci\u00f3n de la Educaci\u00f3n Superior en la Universidad Nacional de Tucum\u00e1n \u2013 Programa Poncho-Erasmus Plus\u201d, que se llevar\u00e1 a cabo el mi\u00e9rcoles 7 de noviembre, de 9 a 13 hs, en el Aula de Posgrado de la Facultad de Arquitectura y Urbanismo [&hellip;]<\/p>\n","protected":false},"author":6,"featured_media":0,"comment_status":"closed","ping_status":"closed","sticky":false,"template":"","format":"standard","meta":[],"categories":[5],"tags":[],"_links":{"self":[{"href":"https:\/\/www.facet.unt.edu.ar\/facetinforma\/wp-json\/wp\/v2\/posts\/15893"}],"collection":[{"href":"https:\/\/www.facet.unt.edu.ar\/facetinforma\/wp-json\/wp\/v2\/posts"}],"about":[{"href":"https:\/\/www.facet.unt.edu.ar\/facetinforma\/wp-json\/wp\/v2\/types\/post"}],"author":[{"embeddable":true,"href":"https:\/\/www.facet.unt.edu.ar\/facetinforma\/wp-json\/wp\/v2\/users\/6"}],"replies":[{"embeddable":true,"href":"https:\/\/www.facet.unt.edu.ar\/facetinforma\/wp-json\/wp\/v2\/comments?post=15893"}],"version-history":[{"count":1,"href":"https:\/\/www.facet.unt.edu.ar\/facetinforma\/wp-json\/wp\/v2\/posts\/15893\/revisions"}],"predecessor-version":[{"id":15894,"href":"https:\/\/www.facet.unt.edu.ar\/facetinforma\/wp-json\/wp\/v2\/posts\/15893\/revisions\/15894"}],"wp:attachment":[{"href":"https:\/\/www.facet.unt.edu.ar\/facetinforma\/wp-json\/wp\/v2\/media?parent=15893"}],"wp:term":[{"taxonomy":"category","embeddable":true,"href":"https:\/\/www.facet.unt.edu.ar\/facetinforma\/wp-json\/wp\/v2\/categories?post=15893"},{"taxonomy":"post_tag","embeddable":true,"href":"https:\/\/www.facet.unt.edu.ar\/facetinforma\/wp-json\/wp\/v2\/tags?post=15893"}],"curies":[{"name":"wp","href":"https:\/\/api.w.org\/{rel}","templated":true}]}}