{"id":15993,"date":"2018-11-16T15:44:56","date_gmt":"2018-11-16T18:44:56","guid":{"rendered":"https:\/\/www.facet.unt.edu.ar\/facetinforma\/?p=15993"},"modified":"2018-11-16T15:44:56","modified_gmt":"2018-11-16T18:44:56","slug":"charla-biodigestores-para-cocinas-comunitarias","status":"publish","type":"post","link":"https:\/\/www.facet.unt.edu.ar\/facetinforma\/2018\/11\/16\/charla-biodigestores-para-cocinas-comunitarias\/","title":{"rendered":"Charla \u201cBiodigestores para Cocinas Comunitarias\u201d"},"content":{"rendered":"<p>El Cap\u00edtulo Estudiantil IEEE PES Tucum\u00e1n, en conjunto con la Asociaci\u00f3n Civil COPRODESA, invitan a toda la comunidad a participar de la charla sobre \u201cBiodigestores para Cocinas Comunitarias\u201d, que se realizar\u00e1 el pr\u00f3ximo <strong>mi\u00e9rcoles 21 de noviembre<\/strong>, a las 12.30 hs., en la Sala de Medios Audiovisuales de la FACET (Block 3 &#8211; 1er piso). En la misma se presentar\u00e1 el proyecto que COPRODESA viene desarrollando en Benjam\u00edn Paz, en la localidad de Trancas. La presentaci\u00f3n estar\u00e1 a cargo del <strong>Ing. Julio M\u00e9ndez<\/strong>.<!--more--><\/p>\n<p>COPRODESA se dedica a la investigaci\u00f3n y desarrollo de alternativas sustentables para emprendimientos que integren el medio ambiente de forma racional. Esta actividad representa el primer trabajo coordinado entre la Asociaci\u00f3n Civil COPRODESA y la Rama Estudiantil IEEE Tucum\u00e1n, en el marco de actividades t\u00e9cnico-humanitarias.<\/p>\n<p>La charla est\u00e1 dirigida a estudiantes, graduados, docentes y p\u00fablico en general interesado en participar de Actividades Humanitarias.<\/p>\n<p>La entrada es gratuita. Inscripciones en:\u00a0<a href=\"http:\/\/bit.do\/biodigestores\" target=\"_blank\" rel=\"noopener\" data-saferedirecturl=\"https:\/\/www.google.com\/url?q=http:\/\/bit.do\/biodigestores&amp;source=gmail&amp;ust=1542462756512000&amp;usg=AFQjCNF9sjjVUCDg4ryd0qwMFXHFBgIwWw\">bit.do\/biodigestores<\/a><\/p>\n<p>Conoc\u00e9 m\u00e1s sobre COPRODESA en\u00a0<a href=\"http:\/\/www.coprodesa.org\/\" target=\"_blank\" rel=\"noopener\" data-saferedirecturl=\"https:\/\/www.google.com\/url?q=http:\/\/www.coprodesa.org\/&amp;source=gmail&amp;ust=1542462756512000&amp;usg=AFQjCNFRYdeSL3HYUVMdfyKJZ9Fn8QU4BQ\">www.coprodesa.org<\/a>.<\/p>\n<p>Para mayores informes, consultar a <a href=\"mailto:pestucuman@gmail.com\">pestucuman@gmail.com<\/a>.<\/p>\n<p><a href=\"https:\/\/www.facet.unt.edu.ar\/facetinforma\/wp-content\/uploads\/sites\/9\/2018\/11\/charla-capitulo-ieee.png\"><img decoding=\"async\" loading=\"lazy\" class=\"aligncenter  wp-image-15994\" src=\"https:\/\/www.facet.unt.edu.ar\/facetinforma\/wp-content\/uploads\/sites\/9\/2018\/11\/charla-capitulo-ieee.png\" alt=\"\" width=\"556\" height=\"786\" srcset=\"https:\/\/www.facet.unt.edu.ar\/facetinforma\/wp-content\/uploads\/sites\/9\/2018\/11\/charla-capitulo-ieee.png 1587w, https:\/\/www.facet.unt.edu.ar\/facetinforma\/wp-content\/uploads\/sites\/9\/2018\/11\/charla-capitulo-ieee-212x300.png 212w, https:\/\/www.facet.unt.edu.ar\/facetinforma\/wp-content\/uploads\/sites\/9\/2018\/11\/charla-capitulo-ieee-768x1086.png 768w, https:\/\/www.facet.unt.edu.ar\/facetinforma\/wp-content\/uploads\/sites\/9\/2018\/11\/charla-capitulo-ieee-724x1024.png 724w\" sizes=\"(max-width: 556px) 100vw, 556px\" \/><\/a><\/p>\n<p>&nbsp;<\/p>\n","protected":false},"excerpt":{"rendered":"<p>El Cap\u00edtulo Estudiantil IEEE PES Tucum\u00e1n, en conjunto con la Asociaci\u00f3n Civil COPRODESA, invitan a toda la comunidad a participar de la charla sobre \u201cBiodigestores para Cocinas Comunitarias\u201d, que se realizar\u00e1 el pr\u00f3ximo mi\u00e9rcoles 21 de noviembre, a las 12.30 hs., en la Sala de Medios Audiovisuales de la FACET (Block 3 &#8211; 1er piso). [&hellip;]<\/p>\n","protected":false},"author":6,"featured_media":0,"comment_status":"closed","ping_status":"closed","sticky":false,"template":"","format":"standard","meta":[],"categories":[5],"tags":[],"_links":{"self":[{"href":"https:\/\/www.facet.unt.edu.ar\/facetinforma\/wp-json\/wp\/v2\/posts\/15993"}],"collection":[{"href":"https:\/\/www.facet.unt.edu.ar\/facetinforma\/wp-json\/wp\/v2\/posts"}],"about":[{"href":"https:\/\/www.facet.unt.edu.ar\/facetinforma\/wp-json\/wp\/v2\/types\/post"}],"author":[{"embeddable":true,"href":"https:\/\/www.facet.unt.edu.ar\/facetinforma\/wp-json\/wp\/v2\/users\/6"}],"replies":[{"embeddable":true,"href":"https:\/\/www.facet.unt.edu.ar\/facetinforma\/wp-json\/wp\/v2\/comments?post=15993"}],"version-history":[{"count":1,"href":"https:\/\/www.facet.unt.edu.ar\/facetinforma\/wp-json\/wp\/v2\/posts\/15993\/revisions"}],"predecessor-version":[{"id":15995,"href":"https:\/\/www.facet.unt.edu.ar\/facetinforma\/wp-json\/wp\/v2\/posts\/15993\/revisions\/15995"}],"wp:attachment":[{"href":"https:\/\/www.facet.unt.edu.ar\/facetinforma\/wp-json\/wp\/v2\/media?parent=15993"}],"wp:term":[{"taxonomy":"category","embeddable":true,"href":"https:\/\/www.facet.unt.edu.ar\/facetinforma\/wp-json\/wp\/v2\/categories?post=15993"},{"taxonomy":"post_tag","embeddable":true,"href":"https:\/\/www.facet.unt.edu.ar\/facetinforma\/wp-json\/wp\/v2\/tags?post=15993"}],"curies":[{"name":"wp","href":"https:\/\/api.w.org\/{rel}","templated":true}]}}