{"id":16000,"date":"2018-11-16T13:31:02","date_gmt":"2018-11-16T16:31:02","guid":{"rendered":"https:\/\/www.facet.unt.edu.ar\/facetinforma\/?p=16000"},"modified":"2018-11-16T19:07:06","modified_gmt":"2018-11-16T22:07:06","slug":"conferencia-del-dr-luis-kun","status":"publish","type":"post","link":"https:\/\/www.facet.unt.edu.ar\/facetinforma\/2018\/11\/16\/conferencia-del-dr-luis-kun\/","title":{"rendered":"Conferencia del Dr. Luis Kun"},"content":{"rendered":"<p>Se invita a la comunidad de la FACET a participar de la Conferencia sobre \u201cBioterrorismo y Seguridad; Sistemas Inform\u00e1ticos y Tecnolog\u00eda M\u00e9dica y Protecci\u00f3n de Infraestructuras Cr\u00edticas\u201d, a cargo del Doctor en Ingenier\u00eda Biom\u00e9dica <strong>Luis Kun<\/strong>. La misma se realizar\u00e1 el d\u00eda martes 20 de noviembre, a las 19 hs, en el SUM de la UTN\/FRT, Rivadavia 1050. <!--more--><\/p>\n<p>La conferencia, organizada por IEEE Computer Society &#8211; Cap\u00edtulo Argentina, est\u00e1 destinada a estudiantes y profesionales de las carreras de Ingenier\u00eda Inform\u00e1tica, Computaci\u00f3n, Biom\u00e9dica y Medicina.<\/p>\n<p>La entrada es libre y gratuita.<\/p>\n<p>Cupos limitados. Inscripciones en: <a href=\"https:\/\/www.eventbrite.com.ar\/e\/conferencia-dr-luis-kun-tickets-52487950874\" target=\"_blank\" rel=\"noopener\">https:\/\/www.eventbrite.com.ar\/e\/conferencia-dr-luis-kun-tickets-52487950874<\/a><\/p>\n<p><a href=\"https:\/\/www.facet.unt.edu.ar\/facetinforma\/wp-content\/uploads\/sites\/9\/2018\/11\/conferencia-Kun.jpg\"><img decoding=\"async\" loading=\"lazy\" class=\"aligncenter size-full wp-image-16001\" src=\"https:\/\/www.facet.unt.edu.ar\/facetinforma\/wp-content\/uploads\/sites\/9\/2018\/11\/conferencia-Kun.jpg\" alt=\"\" width=\"421\" height=\"585\" srcset=\"https:\/\/www.facet.unt.edu.ar\/facetinforma\/wp-content\/uploads\/sites\/9\/2018\/11\/conferencia-Kun.jpg 421w, https:\/\/www.facet.unt.edu.ar\/facetinforma\/wp-content\/uploads\/sites\/9\/2018\/11\/conferencia-Kun-216x300.jpg 216w\" sizes=\"(max-width: 421px) 100vw, 421px\" \/><\/a><\/p>\n","protected":false},"excerpt":{"rendered":"<p>Se invita a la comunidad de la FACET a participar de la Conferencia sobre \u201cBioterrorismo y Seguridad; Sistemas Inform\u00e1ticos y Tecnolog\u00eda M\u00e9dica y Protecci\u00f3n de Infraestructuras Cr\u00edticas\u201d, a cargo del Doctor en Ingenier\u00eda Biom\u00e9dica Luis Kun. La misma se realizar\u00e1 el d\u00eda martes 20 de noviembre, a las 19 hs, en el SUM de la [&hellip;]<\/p>\n","protected":false},"author":6,"featured_media":0,"comment_status":"closed","ping_status":"closed","sticky":false,"template":"","format":"standard","meta":[],"categories":[5],"tags":[],"_links":{"self":[{"href":"https:\/\/www.facet.unt.edu.ar\/facetinforma\/wp-json\/wp\/v2\/posts\/16000"}],"collection":[{"href":"https:\/\/www.facet.unt.edu.ar\/facetinforma\/wp-json\/wp\/v2\/posts"}],"about":[{"href":"https:\/\/www.facet.unt.edu.ar\/facetinforma\/wp-json\/wp\/v2\/types\/post"}],"author":[{"embeddable":true,"href":"https:\/\/www.facet.unt.edu.ar\/facetinforma\/wp-json\/wp\/v2\/users\/6"}],"replies":[{"embeddable":true,"href":"https:\/\/www.facet.unt.edu.ar\/facetinforma\/wp-json\/wp\/v2\/comments?post=16000"}],"version-history":[{"count":2,"href":"https:\/\/www.facet.unt.edu.ar\/facetinforma\/wp-json\/wp\/v2\/posts\/16000\/revisions"}],"predecessor-version":[{"id":16010,"href":"https:\/\/www.facet.unt.edu.ar\/facetinforma\/wp-json\/wp\/v2\/posts\/16000\/revisions\/16010"}],"wp:attachment":[{"href":"https:\/\/www.facet.unt.edu.ar\/facetinforma\/wp-json\/wp\/v2\/media?parent=16000"}],"wp:term":[{"taxonomy":"category","embeddable":true,"href":"https:\/\/www.facet.unt.edu.ar\/facetinforma\/wp-json\/wp\/v2\/categories?post=16000"},{"taxonomy":"post_tag","embeddable":true,"href":"https:\/\/www.facet.unt.edu.ar\/facetinforma\/wp-json\/wp\/v2\/tags?post=16000"}],"curies":[{"name":"wp","href":"https:\/\/api.w.org\/{rel}","templated":true}]}}