{"id":1603,"date":"2012-08-14T10:00:59","date_gmt":"2012-08-14T10:00:59","guid":{"rendered":"http:\/\/www1.herrera.unt.edu.ar\/facetinforma\/?p=1603"},"modified":"2012-08-14T10:00:59","modified_gmt":"2012-08-14T10:00:59","slug":"seminario-gestion-de-la-innovacion-un-enfoque-universitario","status":"publish","type":"post","link":"https:\/\/www.facet.unt.edu.ar\/facetinforma\/2012\/08\/14\/seminario-gestion-de-la-innovacion-un-enfoque-universitario\/","title":{"rendered":"Seminario &#8220;Gesti\u00f3n de la Innovaci\u00f3n: Un enfoque universitario&#8221;"},"content":{"rendered":"<p style=\"text-align: justify\">La Facultad de Ciencias Exactas y Tecnolog\u00eda, invita a concurrir al Seminario &#8220;Gesti\u00f3n de la Innovaci\u00f3n: Un enfoque universitario&#8221; a realizarse este d\u00eda Viernes 17 de Agosto, a las 15:00 horas, en la Sala de Medios Audio Visuales &#8220;Dr. Orlando Bravo&#8221; sita en el primer piso del Block Decanato.<\/p>\n<p style=\"text-align: justify\">El mencionado seminario, estar\u00e1 a cargo del M.C. Jorge A. Galvez Choy, destacado acad\u00e9mico mexicano reconocido internacionalmente por sus contribuciones en emprendedorismo, innovaci\u00f3n tecnol\u00f3gica y transferencia de tecnolog\u00eda, qui\u00e9n visita la FACET como disertante Magistral en el marco del X Congreso Argentino de Estudiantes de Ingenier\u00eda Industrial y Carreras Afines.<\/p>\n<p style=\"text-align: justify\">Durante el seminario de tres horas de duraci\u00f3n, se analizar\u00e1 el concepto de innovaci\u00f3n desde una perspectiva vinculante con el quehacer universitario. Se abordar\u00e1n conceptos b\u00e1sicos de innovaci\u00f3n y su relaci\u00f3n con la investigaci\u00f3n y el Desarrollo. Se analizar\u00e1n modelos de an\u00e1lisis de negocio y modelos de innovaci\u00f3n disruptiva, abierta y centrada en el usuario. Finalmente se concluir\u00e1 con un an\u00e1lisis de mejores pr\u00e1cticas.<\/p>\n<p style=\"text-align: justify\">El mencionado Seminario es organizado por la Direcci\u00f3n de la Carrera de Ingenier\u00eda Industrial y la Secretar\u00eda de Gesti\u00f3n y Extensi\u00f3n de esta Facultad.<\/p>\n<p style=\"text-align: justify\">La entrada es libre y gratuita.<\/p>\n","protected":false},"excerpt":{"rendered":"<p>La Facultad de Ciencias Exactas y Tecnolog\u00eda, invita a concurrir al Seminario &#8220;Gesti\u00f3n de la Innovaci\u00f3n: Un enfoque universitario&#8221; a realizarse este d\u00eda Viernes 17 de Agosto, a las 15:00 horas, en la Sala de Medios Audio Visuales &#8220;Dr. Orlando Bravo&#8221; sita en el primer piso del Block Decanato. El mencionado seminario, estar\u00e1 a cargo [&hellip;]<\/p>\n","protected":false},"author":6,"featured_media":0,"comment_status":"closed","ping_status":"open","sticky":false,"template":"","format":"standard","meta":[],"categories":[5],"tags":[],"_links":{"self":[{"href":"https:\/\/www.facet.unt.edu.ar\/facetinforma\/wp-json\/wp\/v2\/posts\/1603"}],"collection":[{"href":"https:\/\/www.facet.unt.edu.ar\/facetinforma\/wp-json\/wp\/v2\/posts"}],"about":[{"href":"https:\/\/www.facet.unt.edu.ar\/facetinforma\/wp-json\/wp\/v2\/types\/post"}],"author":[{"embeddable":true,"href":"https:\/\/www.facet.unt.edu.ar\/facetinforma\/wp-json\/wp\/v2\/users\/6"}],"replies":[{"embeddable":true,"href":"https:\/\/www.facet.unt.edu.ar\/facetinforma\/wp-json\/wp\/v2\/comments?post=1603"}],"version-history":[{"count":0,"href":"https:\/\/www.facet.unt.edu.ar\/facetinforma\/wp-json\/wp\/v2\/posts\/1603\/revisions"}],"wp:attachment":[{"href":"https:\/\/www.facet.unt.edu.ar\/facetinforma\/wp-json\/wp\/v2\/media?parent=1603"}],"wp:term":[{"taxonomy":"category","embeddable":true,"href":"https:\/\/www.facet.unt.edu.ar\/facetinforma\/wp-json\/wp\/v2\/categories?post=1603"},{"taxonomy":"post_tag","embeddable":true,"href":"https:\/\/www.facet.unt.edu.ar\/facetinforma\/wp-json\/wp\/v2\/tags?post=1603"}],"curies":[{"name":"wp","href":"https:\/\/api.w.org\/{rel}","templated":true}]}}