{"id":16089,"date":"2018-11-28T14:22:22","date_gmt":"2018-11-28T17:22:22","guid":{"rendered":"https:\/\/www.facet.unt.edu.ar\/facetinforma\/?p=16089"},"modified":"2018-11-28T14:59:42","modified_gmt":"2018-11-28T17:59:42","slug":"capacitacion-en-primeros-auxilios-y-rcp","status":"publish","type":"post","link":"https:\/\/www.facet.unt.edu.ar\/facetinforma\/2018\/11\/28\/capacitacion-en-primeros-auxilios-y-rcp\/","title":{"rendered":"Capacitaci\u00f3n en &#8220;Primeros Auxilios y RCP&#8221;"},"content":{"rendered":"<p>La capacitaci\u00f3n en Primeros Auxilios y Reanimaci\u00f3n Cardiopulmonar (RCP) constituye una de las actividades que realiza la Comisi\u00f3n de Seguridad y Salud Ocupacional (SySO) de la Facultad, orientada a fortalecer las capacidades de las personas para actuar ante una emergencia, accidente o enfermedad repentina.\u00a0<!--more--><\/p>\n<p>Por tal motivo, se invita al personal docente y no docente de la FACET a capacitarse en &#8220;Primeros Auxilios y Reanimaci\u00f3n Cardiopulmonar (RCP)&#8221;. En esta oportunidad se brindar\u00e1 una charla el d\u00eda <strong>martes 4 de diciembre<\/strong> (de 8:30 a 11:30 hs, en Sala de Medios Audiovisuales) y otra el d\u00eda <strong>martes 11 de diciembre<\/strong> (de 8:30 a 11:30 hs, en el Aula D de Mec\u00e1nica, 2\u00ba piso del Decanato); a optar por el interesado.<\/p>\n<p>Las capacitaciones estar\u00e1n a cargo del personal especializado de la Escuela Universitaria de Enfermer\u00eda de la Facultad de Medicina de la UNT. Cada charla tendr\u00e1 una duraci\u00f3n de 3 horas, divididas en parte te\u00f3rica y\u00a0 pr\u00e1ctica. Y en cada charla podr\u00e1n inscribirse hasta 35 personas. Se emplean mu\u00f1ecos para practicar la Reanimaci\u00f3n Cardiopulmonar (RCP).<\/p>\n<p>Los objetivos previstos para dichas charlas son: brindar conocimientos b\u00e1sicos de primeros auxilios y RCP, permitir que el personal de la Facultad se familiarice con situaciones\u00a0 cr\u00edticas, y permitir que desarrollen su potencial\u00a0 y creatividad\u00a0 en la pr\u00e1ctica de los primeros auxilios y RCP.<\/p>\n<p>Las charlas son gratuitas y con cupo limitado, por lo tanto, los interesados en capacitarse deber\u00e1n remitir inscripci\u00f3n, indicando el d\u00eda, al Lic. Gabriel D\u00edaz al siguiente correo electr\u00f3nico:\u00a0<a href=\"mailto:gdiaz@herrera.unt.edu.ar\">gdiaz@herrera.unt.edu.ar<\/a>.<\/p>\n<p>Se entregar\u00e1n certificados.<\/p>\n","protected":false},"excerpt":{"rendered":"<p>La capacitaci\u00f3n en Primeros Auxilios y Reanimaci\u00f3n Cardiopulmonar (RCP) constituye una de las actividades que realiza la Comisi\u00f3n de Seguridad y Salud Ocupacional (SySO) de la Facultad, orientada a fortalecer las capacidades de las personas para actuar ante una emergencia, accidente o enfermedad repentina.\u00a0<\/p>\n","protected":false},"author":6,"featured_media":0,"comment_status":"closed","ping_status":"closed","sticky":false,"template":"","format":"standard","meta":[],"categories":[5],"tags":[],"_links":{"self":[{"href":"https:\/\/www.facet.unt.edu.ar\/facetinforma\/wp-json\/wp\/v2\/posts\/16089"}],"collection":[{"href":"https:\/\/www.facet.unt.edu.ar\/facetinforma\/wp-json\/wp\/v2\/posts"}],"about":[{"href":"https:\/\/www.facet.unt.edu.ar\/facetinforma\/wp-json\/wp\/v2\/types\/post"}],"author":[{"embeddable":true,"href":"https:\/\/www.facet.unt.edu.ar\/facetinforma\/wp-json\/wp\/v2\/users\/6"}],"replies":[{"embeddable":true,"href":"https:\/\/www.facet.unt.edu.ar\/facetinforma\/wp-json\/wp\/v2\/comments?post=16089"}],"version-history":[{"count":2,"href":"https:\/\/www.facet.unt.edu.ar\/facetinforma\/wp-json\/wp\/v2\/posts\/16089\/revisions"}],"predecessor-version":[{"id":16093,"href":"https:\/\/www.facet.unt.edu.ar\/facetinforma\/wp-json\/wp\/v2\/posts\/16089\/revisions\/16093"}],"wp:attachment":[{"href":"https:\/\/www.facet.unt.edu.ar\/facetinforma\/wp-json\/wp\/v2\/media?parent=16089"}],"wp:term":[{"taxonomy":"category","embeddable":true,"href":"https:\/\/www.facet.unt.edu.ar\/facetinforma\/wp-json\/wp\/v2\/categories?post=16089"},{"taxonomy":"post_tag","embeddable":true,"href":"https:\/\/www.facet.unt.edu.ar\/facetinforma\/wp-json\/wp\/v2\/tags?post=16089"}],"curies":[{"name":"wp","href":"https:\/\/api.w.org\/{rel}","templated":true}]}}