{"id":16091,"date":"2018-11-28T14:38:42","date_gmt":"2018-11-28T17:38:42","guid":{"rendered":"https:\/\/www.facet.unt.edu.ar\/facetinforma\/?p=16091"},"modified":"2018-11-28T14:38:57","modified_gmt":"2018-11-28T17:38:57","slug":"capacitacion-en-uso-y-manejo-extintores","status":"publish","type":"post","link":"https:\/\/www.facet.unt.edu.ar\/facetinforma\/2018\/11\/28\/capacitacion-en-uso-y-manejo-extintores\/","title":{"rendered":"Capacitaci\u00f3n en \u201cUso y Manejo Extintores\u201d"},"content":{"rendered":"<p>La Comisi\u00f3n de Seguridad y Salud Ocupacional (SySO) de la FACET, invita a la comunidad universitaria a capacitarse en el &#8220;Uso y Manejo de Extintores&#8221;. La capacitaci\u00f3n se llevar\u00e1 a cabo el pr\u00f3ximo lunes 3 de diciembre y ser\u00e1 de modalidad te\u00f3rico-pr\u00e1ctica.\u00a0<!--more--><\/p>\n<p>La parte te\u00f3rica se desarrollar\u00e1 en la Sala de Medios Audiovisuales, de 8:30 a 10:00 hs; luego se concluir\u00e1 la capacitaci\u00f3n con una parte pr\u00e1ctica en el Taller de Mec\u00e1nica de la FACET.<\/p>\n<p>Los interesados en capacitarse deber\u00e1n inscribirse enviando un correo electr\u00f3nico al Lic. Gabriel D\u00edaz:\u00a0<a href=\"mailto:gdiaz@herrera.unt.edu.ar\">gdiaz@herrera.unt.edu.ar<\/a>&#8220;.<\/p>\n<p>Se entregar\u00e1n certificados.<\/p>\n","protected":false},"excerpt":{"rendered":"<p>La Comisi\u00f3n de Seguridad y Salud Ocupacional (SySO) de la FACET, invita a la comunidad universitaria a capacitarse en el &#8220;Uso y Manejo de Extintores&#8221;. La capacitaci\u00f3n se llevar\u00e1 a cabo el pr\u00f3ximo lunes 3 de diciembre y ser\u00e1 de modalidad te\u00f3rico-pr\u00e1ctica.\u00a0<\/p>\n","protected":false},"author":6,"featured_media":0,"comment_status":"closed","ping_status":"closed","sticky":false,"template":"","format":"standard","meta":[],"categories":[5],"tags":[],"_links":{"self":[{"href":"https:\/\/www.facet.unt.edu.ar\/facetinforma\/wp-json\/wp\/v2\/posts\/16091"}],"collection":[{"href":"https:\/\/www.facet.unt.edu.ar\/facetinforma\/wp-json\/wp\/v2\/posts"}],"about":[{"href":"https:\/\/www.facet.unt.edu.ar\/facetinforma\/wp-json\/wp\/v2\/types\/post"}],"author":[{"embeddable":true,"href":"https:\/\/www.facet.unt.edu.ar\/facetinforma\/wp-json\/wp\/v2\/users\/6"}],"replies":[{"embeddable":true,"href":"https:\/\/www.facet.unt.edu.ar\/facetinforma\/wp-json\/wp\/v2\/comments?post=16091"}],"version-history":[{"count":1,"href":"https:\/\/www.facet.unt.edu.ar\/facetinforma\/wp-json\/wp\/v2\/posts\/16091\/revisions"}],"predecessor-version":[{"id":16092,"href":"https:\/\/www.facet.unt.edu.ar\/facetinforma\/wp-json\/wp\/v2\/posts\/16091\/revisions\/16092"}],"wp:attachment":[{"href":"https:\/\/www.facet.unt.edu.ar\/facetinforma\/wp-json\/wp\/v2\/media?parent=16091"}],"wp:term":[{"taxonomy":"category","embeddable":true,"href":"https:\/\/www.facet.unt.edu.ar\/facetinforma\/wp-json\/wp\/v2\/categories?post=16091"},{"taxonomy":"post_tag","embeddable":true,"href":"https:\/\/www.facet.unt.edu.ar\/facetinforma\/wp-json\/wp\/v2\/tags?post=16091"}],"curies":[{"name":"wp","href":"https:\/\/api.w.org\/{rel}","templated":true}]}}