{"id":16103,"date":"2018-11-30T19:42:04","date_gmt":"2018-11-30T22:42:04","guid":{"rendered":"https:\/\/www.facet.unt.edu.ar\/facetinforma\/?p=16103"},"modified":"2018-12-01T15:50:39","modified_gmt":"2018-12-01T18:50:39","slug":"proyecto-de-creacion-de-una-fabrica-laboratorio-en-la-facet","status":"publish","type":"post","link":"https:\/\/www.facet.unt.edu.ar\/facetinforma\/2018\/11\/30\/proyecto-de-creacion-de-una-fabrica-laboratorio-en-la-facet\/","title":{"rendered":"Proyecto de Creaci\u00f3n de una F\u00e1brica \u2013 Laboratorio en la FACET"},"content":{"rendered":"<p>Con el prop\u00f3sito de fomentar procesos de innovaci\u00f3n tecnol\u00f3gica, se presentar\u00e1 el proyecto para la creaci\u00f3n de una F\u00e1brica-Laboratorio (<span class=\"_5afx\"><span class=\"_58cm\">FABLAB<\/span><\/span>) en la FACET. Este proyecto se realiza en el marco de un subsidio de la Uni\u00f3n Europea (UE) y el Programa Regional Am\u00e9rica Latina \u2013 Caribe (PREFALC), en el cual concurs\u00f3 nuestra Facultad junto con las Universidades de Santiago de Chile y la Universit\u00e9 de Lorraine \u2013 Francia, en el marco de la Maestr\u00eda en Gesti\u00f3n de la Tecnolog\u00eda y la Innovaci\u00f3n (MAGE STI &#8211; CODINOA). <!--more--><\/p>\n<p>El programa consiste en el intercambio de docentes con el fin de transferir conocimientos espec\u00edficos sobre Gesti\u00f3n de la Innovaci\u00f3n y los FABLABs, como tambi\u00e9n la integraci\u00f3n de una red de FABLABs entre las tres Universidades mencionadas para complementar y potenciar los Proyectos de Innovaci\u00f3n.<\/p>\n<p>Objetivos del proyecto:<\/p>\n<ul>\n<li>Identificar las fortalezas y debilidades de las tres universidades asociadas en t\u00e9rminos de capacitaci\u00f3n en innovaci\u00f3n y laboratorios de innovaci\u00f3n (herramientas de fabricaci\u00f3n digital).<\/li>\n<li>Planear seminarios de intercambio para mejorar las debilidades y compartir fortalezas entre universidades.<\/li>\n<li>Crear instancias de colaboraci\u00f3n para promover equipos entre estudiantes de diferentes universidades.<\/li>\n<li>Crear un plan de equipamiento de laboratorio para asegurar su complementariedad.<\/li>\n<li>Formalizar intercambios con convenios entre universidades<\/li>\n<li>Monitorear programas de financiamiento para proyectos colaborativos e internacionales.<\/li>\n<\/ul>\n<p>En este marco, se realizar\u00e1n dos actividades:<\/p>\n<ol>\n<li>El d\u00eda<strong> lunes<\/strong> <strong>3 de diciembre<\/strong>, tendr\u00e1 lugar un taller a realizarse en Sala de Medios Audiovisuales, de <strong>14 a 17<\/strong> <strong>hs<\/strong> y estar\u00e1 a cargo del <strong>Dr. Mauricio Camargo<\/strong>, de la Universit\u00e9 de Lorraine. All\u00ed se debatir\u00e1n ideas acerca de c\u00f3mo implementar el FABLAB, modelos de colaboraci\u00f3n, presentaci\u00f3n de proyectos, potencialidades de la iniciativa y todo lo que se considere pertinente. Dicha actividad est\u00e1 destinada a los <strong>alumnos avanzados<\/strong> de la FACET. La entrada es libre y gratuita.<\/li>\n<li>El d\u00eda <strong>martes 4 de Diciembre<\/strong>, a 12 hs, se presentar\u00e1 a la comunidad la idea del proyecto, las asociaciones logradas y los objetivos de la FACET para con la comunidad.<\/li>\n<\/ol>\n<p><a href=\"https:\/\/www.facet.unt.edu.ar\/facetinforma\/wp-content\/uploads\/sites\/9\/2018\/11\/PROYECTO-FABLAB.png\"><img decoding=\"async\" loading=\"lazy\" class=\"aligncenter wp-image-16106\" src=\"https:\/\/www.facet.unt.edu.ar\/facetinforma\/wp-content\/uploads\/sites\/9\/2018\/11\/PROYECTO-FABLAB-576x1024.png\" alt=\"\" width=\"462\" height=\"822\" srcset=\"https:\/\/www.facet.unt.edu.ar\/facetinforma\/wp-content\/uploads\/sites\/9\/2018\/11\/PROYECTO-FABLAB-576x1024.png 576w, https:\/\/www.facet.unt.edu.ar\/facetinforma\/wp-content\/uploads\/sites\/9\/2018\/11\/PROYECTO-FABLAB-169x300.png 169w, https:\/\/www.facet.unt.edu.ar\/facetinforma\/wp-content\/uploads\/sites\/9\/2018\/11\/PROYECTO-FABLAB-768x1365.png 768w\" sizes=\"(max-width: 462px) 100vw, 462px\" \/><\/a><\/p>\n","protected":false},"excerpt":{"rendered":"<p>Con el prop\u00f3sito de fomentar procesos de innovaci\u00f3n tecnol\u00f3gica, se presentar\u00e1 el proyecto para la creaci\u00f3n de una F\u00e1brica-Laboratorio (FABLAB) en la FACET. Este proyecto se realiza en el marco de un subsidio de la Uni\u00f3n Europea (UE) y el Programa Regional Am\u00e9rica Latina \u2013 Caribe (PREFALC), en el cual concurs\u00f3 nuestra Facultad junto con [&hellip;]<\/p>\n","protected":false},"author":6,"featured_media":0,"comment_status":"closed","ping_status":"closed","sticky":false,"template":"","format":"standard","meta":[],"categories":[5],"tags":[],"_links":{"self":[{"href":"https:\/\/www.facet.unt.edu.ar\/facetinforma\/wp-json\/wp\/v2\/posts\/16103"}],"collection":[{"href":"https:\/\/www.facet.unt.edu.ar\/facetinforma\/wp-json\/wp\/v2\/posts"}],"about":[{"href":"https:\/\/www.facet.unt.edu.ar\/facetinforma\/wp-json\/wp\/v2\/types\/post"}],"author":[{"embeddable":true,"href":"https:\/\/www.facet.unt.edu.ar\/facetinforma\/wp-json\/wp\/v2\/users\/6"}],"replies":[{"embeddable":true,"href":"https:\/\/www.facet.unt.edu.ar\/facetinforma\/wp-json\/wp\/v2\/comments?post=16103"}],"version-history":[{"count":10,"href":"https:\/\/www.facet.unt.edu.ar\/facetinforma\/wp-json\/wp\/v2\/posts\/16103\/revisions"}],"predecessor-version":[{"id":16136,"href":"https:\/\/www.facet.unt.edu.ar\/facetinforma\/wp-json\/wp\/v2\/posts\/16103\/revisions\/16136"}],"wp:attachment":[{"href":"https:\/\/www.facet.unt.edu.ar\/facetinforma\/wp-json\/wp\/v2\/media?parent=16103"}],"wp:term":[{"taxonomy":"category","embeddable":true,"href":"https:\/\/www.facet.unt.edu.ar\/facetinforma\/wp-json\/wp\/v2\/categories?post=16103"},{"taxonomy":"post_tag","embeddable":true,"href":"https:\/\/www.facet.unt.edu.ar\/facetinforma\/wp-json\/wp\/v2\/tags?post=16103"}],"curies":[{"name":"wp","href":"https:\/\/api.w.org\/{rel}","templated":true}]}}