{"id":16171,"date":"2018-12-13T11:20:54","date_gmt":"2018-12-13T14:20:54","guid":{"rendered":"https:\/\/www.facet.unt.edu.ar\/facetinforma\/?p=16171"},"modified":"2018-12-13T11:20:54","modified_gmt":"2018-12-13T14:20:54","slug":"seminario-geometria-en-la-naturaleza","status":"publish","type":"post","link":"https:\/\/www.facet.unt.edu.ar\/facetinforma\/2018\/12\/13\/seminario-geometria-en-la-naturaleza\/","title":{"rendered":"Seminario &#8220;Geometr\u00eda en la Naturaleza&#8221;"},"content":{"rendered":"<p>En el marco de los Seminarios de los Alumnos de la Licenciatura en Matem\u00e1tica, se invita a la comunidad universitaria a participar del seminario <strong>\u201cGeometr\u00eda en la\u00a0Naturaleza\u201d<\/strong>, a cargo del <strong>Lic. Armando Alfredo Dan\u00fan<\/strong> (ADG FACET-FAU). El mismo se realizar\u00e1 ma\u00f1ana viernes 14 de diciembre, a las 11:00 hs, en el Aula 2-4-7, 4\u00b0 Piso, Block 2 de la FACET-UNT.\u00a0<!--more--><\/p>\n<p><u>Resumen<\/u>:<br \/>\nLa Geometr\u00eda es una parte de la matem\u00e1tica que se encarga de estudio de las propiedades y de las medidas de las figuras geom\u00e9tricas en el plano y en el espacio.<\/p>\n<p>Dado que la Geometr\u00eda conforma el plano b\u00e1sico del universo f\u00edsico, podemos esperar encontrarla tambi\u00e9n, en el dise\u00f1o de seres naturales, tanto animados como inanimados, muchas veces nos cuesta percibir su presencia en nuestro alrededor.<\/p>\n<p>Es por eso que en\u00a0 este seminario se mostrar\u00e1n algunos casos sencillos donde la Geometr\u00eda se hace fuertemente presente: en las plantas, en las espirales vivas, en el maravilloso mundo de los copos de nieve y tambi\u00e9n nos preguntaremos \u00bfPor qu\u00e9 a las abejas les encanta los hex\u00e1gonos?<\/p>\n<p><a href=\"https:\/\/www.facet.unt.edu.ar\/facetinforma\/wp-content\/uploads\/sites\/9\/2018\/12\/SEMINARIO-DE-LIC-EN-MATEMATICA.png\"><img decoding=\"async\" loading=\"lazy\" class=\"aligncenter  wp-image-16172\" src=\"https:\/\/www.facet.unt.edu.ar\/facetinforma\/wp-content\/uploads\/sites\/9\/2018\/12\/SEMINARIO-DE-LIC-EN-MATEMATICA-1024x1024.png\" alt=\"\" width=\"510\" height=\"510\" srcset=\"https:\/\/www.facet.unt.edu.ar\/facetinforma\/wp-content\/uploads\/sites\/9\/2018\/12\/SEMINARIO-DE-LIC-EN-MATEMATICA-1024x1024.png 1024w, https:\/\/www.facet.unt.edu.ar\/facetinforma\/wp-content\/uploads\/sites\/9\/2018\/12\/SEMINARIO-DE-LIC-EN-MATEMATICA-150x150.png 150w, https:\/\/www.facet.unt.edu.ar\/facetinforma\/wp-content\/uploads\/sites\/9\/2018\/12\/SEMINARIO-DE-LIC-EN-MATEMATICA-300x300.png 300w, https:\/\/www.facet.unt.edu.ar\/facetinforma\/wp-content\/uploads\/sites\/9\/2018\/12\/SEMINARIO-DE-LIC-EN-MATEMATICA-768x768.png 768w, https:\/\/www.facet.unt.edu.ar\/facetinforma\/wp-content\/uploads\/sites\/9\/2018\/12\/SEMINARIO-DE-LIC-EN-MATEMATICA.png 1500w\" sizes=\"(max-width: 510px) 100vw, 510px\" \/><\/a><\/p>\n<p>&nbsp;<\/p>\n","protected":false},"excerpt":{"rendered":"<p>En el marco de los Seminarios de los Alumnos de la Licenciatura en Matem\u00e1tica, se invita a la comunidad universitaria a participar del seminario \u201cGeometr\u00eda en la\u00a0Naturaleza\u201d, a cargo del Lic. Armando Alfredo Dan\u00fan (ADG FACET-FAU). El mismo se realizar\u00e1 ma\u00f1ana viernes 14 de diciembre, a las 11:00 hs, en el Aula 2-4-7, 4\u00b0 Piso, [&hellip;]<\/p>\n","protected":false},"author":6,"featured_media":0,"comment_status":"closed","ping_status":"closed","sticky":false,"template":"","format":"standard","meta":[],"categories":[5],"tags":[],"_links":{"self":[{"href":"https:\/\/www.facet.unt.edu.ar\/facetinforma\/wp-json\/wp\/v2\/posts\/16171"}],"collection":[{"href":"https:\/\/www.facet.unt.edu.ar\/facetinforma\/wp-json\/wp\/v2\/posts"}],"about":[{"href":"https:\/\/www.facet.unt.edu.ar\/facetinforma\/wp-json\/wp\/v2\/types\/post"}],"author":[{"embeddable":true,"href":"https:\/\/www.facet.unt.edu.ar\/facetinforma\/wp-json\/wp\/v2\/users\/6"}],"replies":[{"embeddable":true,"href":"https:\/\/www.facet.unt.edu.ar\/facetinforma\/wp-json\/wp\/v2\/comments?post=16171"}],"version-history":[{"count":1,"href":"https:\/\/www.facet.unt.edu.ar\/facetinforma\/wp-json\/wp\/v2\/posts\/16171\/revisions"}],"predecessor-version":[{"id":16175,"href":"https:\/\/www.facet.unt.edu.ar\/facetinforma\/wp-json\/wp\/v2\/posts\/16171\/revisions\/16175"}],"wp:attachment":[{"href":"https:\/\/www.facet.unt.edu.ar\/facetinforma\/wp-json\/wp\/v2\/media?parent=16171"}],"wp:term":[{"taxonomy":"category","embeddable":true,"href":"https:\/\/www.facet.unt.edu.ar\/facetinforma\/wp-json\/wp\/v2\/categories?post=16171"},{"taxonomy":"post_tag","embeddable":true,"href":"https:\/\/www.facet.unt.edu.ar\/facetinforma\/wp-json\/wp\/v2\/tags?post=16171"}],"curies":[{"name":"wp","href":"https:\/\/api.w.org\/{rel}","templated":true}]}}