{"id":16236,"date":"2018-12-14T20:40:20","date_gmt":"2018-12-14T23:40:20","guid":{"rendered":"https:\/\/www.facet.unt.edu.ar\/facetinforma\/?p=16236"},"modified":"2018-12-14T21:34:11","modified_gmt":"2018-12-15T00:34:11","slug":"se-realizo-en-la-facet-el-brindis-de-fin-de-ano","status":"publish","type":"post","link":"https:\/\/www.facet.unt.edu.ar\/facetinforma\/2018\/12\/14\/se-realizo-en-la-facet-el-brindis-de-fin-de-ano\/","title":{"rendered":"Se realiz\u00f3 en la FACET el brindis de fin de a\u00f1o"},"content":{"rendered":"<p>Hoy al mediod\u00eda se llev\u00f3 a cabo en la Facultad de Ciencias Exactas y Tecnolog\u00eda el brindis de fin de a\u00f1o. Estuvieron presentes el Rector de la UNT, Ing. Jos\u00e9 Garc\u00eda, el Vicerrector de la UNT, Ing. Sergio Pagani, el Decano de la FACET, Dr. Ing. Miguel Cabrera, junto a su Gabinete, como as\u00ed tambi\u00e9n el Personal Docente, el Personal No Docente, graduados y alumnos de la instituci\u00f3n.\u00a0<!--more--><\/p>\n<p>Durante el encuentro, se hizo entrega de menciones de reconocimiento a profesores y alumnos que participaron en la muestra de divulgaci\u00f3n Cient\u00edfica y Tecnol\u00f3gica \u201cEDUCATEC\u201d, organizada por la Secretar\u00eda de Estado de Innovaci\u00f3n y Desarrollo Tecnol\u00f3gico.<\/p>\n<p>Luego se realiz\u00f3 un especial reconocimiento al Personal No Docente que se ha acogido a los beneficios jubilatorios durante el\u00a0corriente a\u00f1o.<\/p>\n<p>Al finalizar el agasajo, el Decano de la FACET, Dr. Ing. Miguel Cabrera, agradeci\u00f3 a todos por la presencia. Tambi\u00e9n manifest\u00f3 sus mejores deseos para el 2019.<\/p>\n<div id=\"metaslider-id-16237\" style=\"max-width: 650px; margin: 0 auto;\" class=\"ml-slider-3-27-5 metaslider metaslider-nivo metaslider-16237 ml-slider\">\n    <div id=\"metaslider_container_16237\">\n        <div class='slider-wrapper theme-default'><div class='ribbon'><\/div><div id='metaslider_16237' class='nivoSlider'><img src=\"https:\/\/www.facet.unt.edu.ar\/facetinforma\/wp-content\/uploads\/sites\/9\/2018\/12\/DSC4154-650x400.jpg\" height=\"400\" width=\"650\" title=\"_DSC4154\" alt=\"\" class=\"slider-16237 slide-16260\" \/><img src=\"https:\/\/www.facet.unt.edu.ar\/facetinforma\/wp-content\/uploads\/sites\/9\/2018\/12\/DSC4165-650x400.jpg\" height=\"400\" width=\"650\" title=\"_DSC4165\" alt=\"\" class=\"slider-16237 slide-16261\" \/><img src=\"https:\/\/www.facet.unt.edu.ar\/facetinforma\/wp-content\/uploads\/sites\/9\/2018\/12\/DSC4168-650x400.jpg\" height=\"400\" width=\"650\" title=\"_DSC4168\" alt=\"\" class=\"slider-16237 slide-16262\" \/><img src=\"https:\/\/www.facet.unt.edu.ar\/facetinforma\/wp-content\/uploads\/sites\/9\/2018\/12\/DSC4173-650x400.jpg\" height=\"400\" width=\"650\" title=\"_DSC4173\" alt=\"\" class=\"slider-16237 slide-16263\" \/><img src=\"https:\/\/www.facet.unt.edu.ar\/facetinforma\/wp-content\/uploads\/sites\/9\/2018\/12\/DSC4179-650x400.jpg\" height=\"400\" width=\"650\" title=\"_DSC4179\" alt=\"\" class=\"slider-16237 slide-16264\" \/><img src=\"https:\/\/www.facet.unt.edu.ar\/facetinforma\/wp-content\/uploads\/sites\/9\/2018\/12\/DSC4182-650x400.jpg\" height=\"400\" width=\"650\" title=\"_DSC4182\" alt=\"\" class=\"slider-16237 slide-16265\" \/><img src=\"https:\/\/www.facet.unt.edu.ar\/facetinforma\/wp-content\/uploads\/sites\/9\/2018\/12\/IMG-4115-650x400.jpg\" height=\"400\" width=\"650\" title=\"IMG-4115\" alt=\"\" class=\"slider-16237 slide-16281\" \/><img src=\"https:\/\/www.facet.unt.edu.ar\/facetinforma\/wp-content\/uploads\/sites\/9\/2018\/12\/DSC4189-650x400.jpg\" height=\"400\" width=\"650\" title=\"_DSC4189\" alt=\"\" class=\"slider-16237 slide-16267\" \/><img src=\"https:\/\/www.facet.unt.edu.ar\/facetinforma\/wp-content\/uploads\/sites\/9\/2018\/12\/DSC4193-650x400.jpg\" height=\"400\" width=\"650\" title=\"_DSC4193\" alt=\"\" class=\"slider-16237 slide-16268\" \/><img src=\"https:\/\/www.facet.unt.edu.ar\/facetinforma\/wp-content\/uploads\/sites\/9\/2018\/12\/DSC4187-650x400.jpg\" height=\"400\" width=\"650\" title=\"_DSC4187\" alt=\"\" class=\"slider-16237 slide-16266\" \/><img src=\"https:\/\/www.facet.unt.edu.ar\/facetinforma\/wp-content\/uploads\/sites\/9\/2018\/12\/DSC4199-650x400.jpg\" height=\"400\" width=\"650\" title=\"_DSC4199\" alt=\"\" class=\"slider-16237 slide-16269\" \/><img src=\"https:\/\/www.facet.unt.edu.ar\/facetinforma\/wp-content\/uploads\/sites\/9\/2018\/12\/DSC4203-650x400.jpg\" height=\"400\" width=\"650\" title=\"_DSC4203\" alt=\"\" class=\"slider-16237 slide-16270\" \/><img src=\"https:\/\/www.facet.unt.edu.ar\/facetinforma\/wp-content\/uploads\/sites\/9\/2018\/12\/DSC4208-650x400.jpg\" height=\"400\" width=\"650\" title=\"_DSC4208\" alt=\"\" class=\"slider-16237 slide-16271\" \/><img src=\"https:\/\/www.facet.unt.edu.ar\/facetinforma\/wp-content\/uploads\/sites\/9\/2018\/12\/DSC4211-650x400.jpg\" height=\"400\" width=\"650\" title=\"_DSC4211\" alt=\"\" class=\"slider-16237 slide-16272\" \/><img src=\"https:\/\/www.facet.unt.edu.ar\/facetinforma\/wp-content\/uploads\/sites\/9\/2018\/12\/DSC4213-650x400.jpg\" height=\"400\" width=\"650\" title=\"_DSC4213\" alt=\"\" class=\"slider-16237 slide-16273\" \/><img src=\"https:\/\/www.facet.unt.edu.ar\/facetinforma\/wp-content\/uploads\/sites\/9\/2018\/12\/DSC4215-650x400.jpg\" height=\"400\" width=\"650\" title=\"_DSC4215\" alt=\"\" class=\"slider-16237 slide-16274\" \/><img src=\"https:\/\/www.facet.unt.edu.ar\/facetinforma\/wp-content\/uploads\/sites\/9\/2018\/12\/IMG_4098-650x400.jpg\" height=\"400\" width=\"650\" title=\"IMG_4098\" alt=\"\" class=\"slider-16237 slide-16275\" \/><img src=\"https:\/\/www.facet.unt.edu.ar\/facetinforma\/wp-content\/uploads\/sites\/9\/2018\/12\/IMG_4099-650x400.jpg\" height=\"400\" width=\"650\" title=\"IMG_4099\" alt=\"\" class=\"slider-16237 slide-16276\" \/><img src=\"https:\/\/www.facet.unt.edu.ar\/facetinforma\/wp-content\/uploads\/sites\/9\/2018\/12\/IMG_4100-650x400.jpg\" height=\"400\" width=\"650\" title=\"IMG_4100\" alt=\"\" class=\"slider-16237 slide-16277\" \/><\/div><\/div>\n        \n    <\/div>\n<\/div>\n","protected":false},"excerpt":{"rendered":"<p>Hoy al mediod\u00eda se llev\u00f3 a cabo en la Facultad de Ciencias Exactas y Tecnolog\u00eda el brindis de fin de a\u00f1o. Estuvieron presentes el Rector de la UNT, Ing. Jos\u00e9 Garc\u00eda, el Vicerrector de la UNT, Ing. Sergio Pagani, el Decano de la FACET, Dr. Ing. Miguel Cabrera, junto a su Gabinete, como as\u00ed tambi\u00e9n [&hellip;]<\/p>\n","protected":false},"author":6,"featured_media":0,"comment_status":"closed","ping_status":"closed","sticky":false,"template":"","format":"standard","meta":[],"categories":[5],"tags":[],"_links":{"self":[{"href":"https:\/\/www.facet.unt.edu.ar\/facetinforma\/wp-json\/wp\/v2\/posts\/16236"}],"collection":[{"href":"https:\/\/www.facet.unt.edu.ar\/facetinforma\/wp-json\/wp\/v2\/posts"}],"about":[{"href":"https:\/\/www.facet.unt.edu.ar\/facetinforma\/wp-json\/wp\/v2\/types\/post"}],"author":[{"embeddable":true,"href":"https:\/\/www.facet.unt.edu.ar\/facetinforma\/wp-json\/wp\/v2\/users\/6"}],"replies":[{"embeddable":true,"href":"https:\/\/www.facet.unt.edu.ar\/facetinforma\/wp-json\/wp\/v2\/comments?post=16236"}],"version-history":[{"count":6,"href":"https:\/\/www.facet.unt.edu.ar\/facetinforma\/wp-json\/wp\/v2\/posts\/16236\/revisions"}],"predecessor-version":[{"id":16284,"href":"https:\/\/www.facet.unt.edu.ar\/facetinforma\/wp-json\/wp\/v2\/posts\/16236\/revisions\/16284"}],"wp:attachment":[{"href":"https:\/\/www.facet.unt.edu.ar\/facetinforma\/wp-json\/wp\/v2\/media?parent=16236"}],"wp:term":[{"taxonomy":"category","embeddable":true,"href":"https:\/\/www.facet.unt.edu.ar\/facetinforma\/wp-json\/wp\/v2\/categories?post=16236"},{"taxonomy":"post_tag","embeddable":true,"href":"https:\/\/www.facet.unt.edu.ar\/facetinforma\/wp-json\/wp\/v2\/tags?post=16236"}],"curies":[{"name":"wp","href":"https:\/\/api.w.org\/{rel}","templated":true}]}}