{"id":1654,"date":"2012-08-21T18:30:14","date_gmt":"2012-08-21T18:30:14","guid":{"rendered":"http:\/\/www1.herrera.unt.edu.ar\/facetinforma\/?p=1654"},"modified":"2012-08-21T18:30:14","modified_gmt":"2012-08-21T18:30:14","slug":"seminario-procesamiento-digital-de-imagenes-para-tv-digital-hw-y-sw","status":"publish","type":"post","link":"https:\/\/www.facet.unt.edu.ar\/facetinforma\/2012\/08\/21\/seminario-procesamiento-digital-de-imagenes-para-tv-digital-hw-y-sw\/","title":{"rendered":"Seminario \u201cProcesamiento Digital de Im\u00e1genes para TV DIGITAL (Hw y Sw)\u201d"},"content":{"rendered":"<p style=\"text-align: justify\">El Dpto. de Electricidad, Electr\u00f3nica y Computaci\u00f3n de la\u00a0Facultad de Ciencias Exactas\u00a0 Tecnolog\u00eda de la Universidad Nacional de Tucum\u00e1n (FACET),\u00a0invita al seminario\u00a0de TV DIGITAL, a realizarse el pr\u00f3ximo viernes 24 de agosto de 10 a 18:30 hs y el d\u00eda s\u00e1bado 25 del corriente, de 8:30 a 12:30 hs., en el Aula de Audiovisuales de la FACET.<\/p>\n<p style=\"text-align: justify\">El curso estar\u00e1 a cargo del Dr. Ing. Mario Mastriani y se centrar\u00e1 espec\u00edficamente sobre el procesamiento de im\u00e1genes para TV Digital.<\/p>\n<p style=\"text-align: justify\">La <strong>asistencia <\/strong>al curso es <strong>gratuita<\/strong>, tanto para estudiantes como para docentes.<\/p>\n<p style=\"text-align: justify\">Se adjunta p\u00f3ster informativo y detalles del\u00a0seminario: <br \/>&#8211; <a href=\"https:\/\/www.facet.unt.edu.ar\/facetinforma\/wp-content\/uploads\/sites\/9\/2012\/08\/Seminario-TV-Digital.pdf\" target=\"_blank\">Seminario TV Digital.pdf <\/a><br \/>&#8211; <a href=\"https:\/\/www.facet.unt.edu.ar\/facetinforma\/wp-content\/uploads\/sites\/9\/2012\/08\/curso-Mario-Mastriani.pdf\" target=\"_blank\">Curso Mario Mastriani.pdf<\/a><\/p>\n<p style=\"text-align: justify\">Para mayor informaci\u00f3n, se ruega dirigirse al coordinador del curso a <a href=\"mailto:dcohen@herrera.unt.edu.ar\" target=\"_blank\">dcohen@herrera.unt.edu.ar<\/a>.<\/p>\n<p style=\"text-align: justify\">El curso cuenta con el auspicio de la Direcci\u00f3n de Posgrado, el Decanato de la FACET, la Direcci\u00f3n de Comunicaciones de la UNT y la Secretar\u00eda Acad\u00e9mica de la UNT.<\/p>\n<p style=\"text-align: justify\">Atte.,<\/p>\n<h6><span style=\"font-size: x-small;font-family: times new roman,times\">&#8212;<\/span><br \/><span style=\"font-size: x-small;font-family: times new roman,times\"> Dpto. de Posgrado<\/span><br \/><span style=\"font-size: x-small;font-family: times new roman,times\"> FACET &#8211; UNT<\/span><\/h6>\n","protected":false},"excerpt":{"rendered":"<p>El Dpto. de Electricidad, Electr\u00f3nica y Computaci\u00f3n de la\u00a0Facultad de Ciencias Exactas\u00a0 Tecnolog\u00eda de la Universidad Nacional de Tucum\u00e1n (FACET),\u00a0invita al seminario\u00a0de TV DIGITAL, a realizarse el pr\u00f3ximo viernes 24 de agosto de 10 a 18:30 hs y el d\u00eda s\u00e1bado 25 del corriente, de 8:30 a 12:30 hs., en el Aula de Audiovisuales de [&hellip;]<\/p>\n","protected":false},"author":6,"featured_media":0,"comment_status":"closed","ping_status":"open","sticky":false,"template":"","format":"standard","meta":[],"categories":[5],"tags":[],"_links":{"self":[{"href":"https:\/\/www.facet.unt.edu.ar\/facetinforma\/wp-json\/wp\/v2\/posts\/1654"}],"collection":[{"href":"https:\/\/www.facet.unt.edu.ar\/facetinforma\/wp-json\/wp\/v2\/posts"}],"about":[{"href":"https:\/\/www.facet.unt.edu.ar\/facetinforma\/wp-json\/wp\/v2\/types\/post"}],"author":[{"embeddable":true,"href":"https:\/\/www.facet.unt.edu.ar\/facetinforma\/wp-json\/wp\/v2\/users\/6"}],"replies":[{"embeddable":true,"href":"https:\/\/www.facet.unt.edu.ar\/facetinforma\/wp-json\/wp\/v2\/comments?post=1654"}],"version-history":[{"count":0,"href":"https:\/\/www.facet.unt.edu.ar\/facetinforma\/wp-json\/wp\/v2\/posts\/1654\/revisions"}],"wp:attachment":[{"href":"https:\/\/www.facet.unt.edu.ar\/facetinforma\/wp-json\/wp\/v2\/media?parent=1654"}],"wp:term":[{"taxonomy":"category","embeddable":true,"href":"https:\/\/www.facet.unt.edu.ar\/facetinforma\/wp-json\/wp\/v2\/categories?post=1654"},{"taxonomy":"post_tag","embeddable":true,"href":"https:\/\/www.facet.unt.edu.ar\/facetinforma\/wp-json\/wp\/v2\/tags?post=1654"}],"curies":[{"name":"wp","href":"https:\/\/api.w.org\/{rel}","templated":true}]}}