{"id":1657,"date":"2012-08-21T21:45:08","date_gmt":"2012-08-21T21:45:08","guid":{"rendered":"http:\/\/www1.herrera.unt.edu.ar\/facetinforma\/?p=1657"},"modified":"2012-08-21T21:45:08","modified_gmt":"2012-08-21T21:45:08","slug":"congreso-de-estudiantes-de-ingenieria-civil","status":"publish","type":"post","link":"https:\/\/www.facet.unt.edu.ar\/facetinforma\/2012\/08\/21\/congreso-de-estudiantes-de-ingenieria-civil\/","title":{"rendered":"Congreso de Estudiantes de Ingenier\u00eda Civil"},"content":{"rendered":"<p style=\"text-align: justify\">El Sr. Decano de la Facultad de Ciencias Exactas y Tecnolog\u00eda, Ing. Sergio Jos\u00e9 Pagani, informa a la comunidad de la misma, que con motivo de llevarse a cabo el Quinto Congreso Nacional de Estudiantes de Ingenier\u00eda Civil (V CONEIC), con la presencia de m\u00e1s de mil alumnos del orden nacional e internacional, desde el Mi\u00e9rcoles 22 de Agosto hasta el S\u00e1bado 25 de Agosto inclusive, se proceder\u00e1 al armado de una carpa en el sector de estacionamiento ubicado entre el Block Decanato y el Departamento de Luminotecnia, Luz y Visi\u00f3n, \u00fanicamente los d\u00edas mi\u00e9rcoles y jueves de esta semana. Raz\u00f3n por la cual,\u00a0se solicita tomar las prevenciones necesarias para evitar posibles inconvenientes.<\/p>\n","protected":false},"excerpt":{"rendered":"<p>El Sr. Decano de la Facultad de Ciencias Exactas y Tecnolog\u00eda, Ing. Sergio Jos\u00e9 Pagani, informa a la comunidad de la misma, que con motivo de llevarse a cabo el Quinto Congreso Nacional de Estudiantes de Ingenier\u00eda Civil (V CONEIC), con la presencia de m\u00e1s de mil alumnos del orden nacional e internacional, desde el [&hellip;]<\/p>\n","protected":false},"author":6,"featured_media":0,"comment_status":"closed","ping_status":"open","sticky":false,"template":"","format":"standard","meta":[],"categories":[5],"tags":[],"_links":{"self":[{"href":"https:\/\/www.facet.unt.edu.ar\/facetinforma\/wp-json\/wp\/v2\/posts\/1657"}],"collection":[{"href":"https:\/\/www.facet.unt.edu.ar\/facetinforma\/wp-json\/wp\/v2\/posts"}],"about":[{"href":"https:\/\/www.facet.unt.edu.ar\/facetinforma\/wp-json\/wp\/v2\/types\/post"}],"author":[{"embeddable":true,"href":"https:\/\/www.facet.unt.edu.ar\/facetinforma\/wp-json\/wp\/v2\/users\/6"}],"replies":[{"embeddable":true,"href":"https:\/\/www.facet.unt.edu.ar\/facetinforma\/wp-json\/wp\/v2\/comments?post=1657"}],"version-history":[{"count":0,"href":"https:\/\/www.facet.unt.edu.ar\/facetinforma\/wp-json\/wp\/v2\/posts\/1657\/revisions"}],"wp:attachment":[{"href":"https:\/\/www.facet.unt.edu.ar\/facetinforma\/wp-json\/wp\/v2\/media?parent=1657"}],"wp:term":[{"taxonomy":"category","embeddable":true,"href":"https:\/\/www.facet.unt.edu.ar\/facetinforma\/wp-json\/wp\/v2\/categories?post=1657"},{"taxonomy":"post_tag","embeddable":true,"href":"https:\/\/www.facet.unt.edu.ar\/facetinforma\/wp-json\/wp\/v2\/tags?post=1657"}],"curies":[{"name":"wp","href":"https:\/\/api.w.org\/{rel}","templated":true}]}}