{"id":1707,"date":"2012-08-28T17:00:10","date_gmt":"2012-08-28T17:00:10","guid":{"rendered":"http:\/\/www1.herrera.unt.edu.ar\/facetinforma\/?p=1707"},"modified":"2012-08-28T17:00:10","modified_gmt":"2012-08-28T17:00:10","slug":"semana-de-la-solidaridad","status":"publish","type":"post","link":"https:\/\/www.facet.unt.edu.ar\/facetinforma\/2012\/08\/28\/semana-de-la-solidaridad\/","title":{"rendered":"Semana de la Solidaridad"},"content":{"rendered":"<p style=\"text-align: justify\">Desde el 27 al 31 de\u00a0 Agosto se celebra la semana de la solidaridad, motivo por el cual el <strong>\u201cPrograma de Voluntariado Universitario y Pasant\u00edas Sociales\u201d <\/strong>organiz\u00f3 una serie de\u00a0eventos en las distintas unidades acad\u00e9micas de la UNT. En este marco el viernes 31 de (10 a 12) hs. tendr\u00e1 lugar una mesa panel \u201cLa solidaridad desde la mirada del Voluntariado\u201d, en el Laboratorio de Suelos de la FACET. Se invita a todos los integrantes de la comunidad a participar a fin de conocer de qu\u00e9 se trata el Voluntariado Universitario y de incentivarlos a su participaci\u00f3n.<\/p>\n<table border=\"1\" cellspacing=\"0\" cellpadding=\"0\">\n<tbody>\n<tr>\n<td colspan=\"2\" valign=\"top\" width=\"576\">\n<p style=\"text-align: center\" align=\"center\"><strong>Viernes 31\/08:<\/strong><\/p>\n<p style=\"text-align: center\" align=\"center\">Laboratorio de Suelos \u2013 Facultad de Ciencias Exactas y Tecnolog\u00eda<\/p>\n<\/td>\n<\/tr>\n<tr>\n<td rowspan=\"2\" valign=\"top\" width=\"111\">\n<p style=\"text-align: center\" align=\"center\"><strong>10.00 hs. a<\/strong><\/p>\n<p style=\"text-align: center\" align=\"center\"><strong>12.00 hs.<\/strong><\/p>\n<\/td>\n<td valign=\"top\" width=\"465\">\n<p style=\"text-align: center\" align=\"center\"><strong>Mesa Panel<em>: \u201cLa solidaridad desde la mirada del Voluntariado\u201d<\/em><\/strong><\/p>\n<p style=\"text-align: center\" align=\"center\">Coordinaci\u00f3n: Prof. Estela L\u00f3pez &#8211; Prof. In\u00e9s Ja\u00e9n<\/p>\n<\/td>\n<\/tr>\n<tr>\n<td valign=\"top\" width=\"465\">\n<p style=\"text-align: justify\">&#8211; Ciencia para todos. Srta. B\u00e1rbara Silva.<\/p>\n<p style=\"text-align: justify\">&#8211; T.R.A.M.Ha.S. Trabajo en red con arquitectura para la mejora del h\u00e1bitat social. Arq. Adriana Assef.<\/p>\n<p style=\"text-align: justify\">&#8211; Adecuaci\u00f3n ambiental del h\u00e1bitat rural de Tucum\u00e1n. Arq. Beatriz Garz\u00f3n.<\/p>\n<p style=\"text-align: justify\">&#8211; Identidad, arte, arqueolog\u00eda y educaci\u00f3n. Prof. Mario Maldonado<\/p>\n<p style=\"text-align: justify\">&#8211; Acciones para la atenci\u00f3n integral de salud de varones adultos mayores en comunidades vulnerables. Dra. Anal\u00eda Soria de Gonz\u00e1lez.<\/p>\n<p>&nbsp;<\/p>\n<\/td>\n<\/tr>\n<\/tbody>\n<\/table>\n<p>Se adjunta agenda completa:<br \/> &#8211; <a href=\"http:\/\/www1.herrera.unt.edu.ar\/facetinforma\/wp-content\/uploads\/2012\/08\/Agenda-definitiva.doc\" target=\"_blank\">Agenda Completa del Programa Voluntariado.doc<\/a><\/p>\n<p><strong>Programa Voluntariado <br \/> \u00bfDe qu\u00e9 se trata?<\/strong><\/p>\n<p style=\"text-align: justify\">Naci\u00f3 con el objeto marcar un nuevo camino tendiente a promover y canalizar las acciones solidarias de extensi\u00f3n que se realizan desde las diferentes unidades acad\u00e9micas, implementar nuevas y, sobre todo, coordinarlas y articularlas para lograr un trabajo interdisciplinario de extensi\u00f3n social m\u00e1s efectivo.<\/p>\n","protected":false},"excerpt":{"rendered":"<p>Desde el 27 al 31 de\u00a0 Agosto se celebra la semana de la solidaridad, motivo por el cual el \u201cPrograma de Voluntariado Universitario y Pasant\u00edas Sociales\u201d organiz\u00f3 una serie de\u00a0eventos en las distintas unidades acad\u00e9micas de la UNT. En este marco el viernes 31 de (10 a 12) hs. tendr\u00e1 lugar una mesa panel \u201cLa [&hellip;]<\/p>\n","protected":false},"author":6,"featured_media":0,"comment_status":"closed","ping_status":"open","sticky":false,"template":"","format":"standard","meta":[],"categories":[5],"tags":[],"_links":{"self":[{"href":"https:\/\/www.facet.unt.edu.ar\/facetinforma\/wp-json\/wp\/v2\/posts\/1707"}],"collection":[{"href":"https:\/\/www.facet.unt.edu.ar\/facetinforma\/wp-json\/wp\/v2\/posts"}],"about":[{"href":"https:\/\/www.facet.unt.edu.ar\/facetinforma\/wp-json\/wp\/v2\/types\/post"}],"author":[{"embeddable":true,"href":"https:\/\/www.facet.unt.edu.ar\/facetinforma\/wp-json\/wp\/v2\/users\/6"}],"replies":[{"embeddable":true,"href":"https:\/\/www.facet.unt.edu.ar\/facetinforma\/wp-json\/wp\/v2\/comments?post=1707"}],"version-history":[{"count":0,"href":"https:\/\/www.facet.unt.edu.ar\/facetinforma\/wp-json\/wp\/v2\/posts\/1707\/revisions"}],"wp:attachment":[{"href":"https:\/\/www.facet.unt.edu.ar\/facetinforma\/wp-json\/wp\/v2\/media?parent=1707"}],"wp:term":[{"taxonomy":"category","embeddable":true,"href":"https:\/\/www.facet.unt.edu.ar\/facetinforma\/wp-json\/wp\/v2\/categories?post=1707"},{"taxonomy":"post_tag","embeddable":true,"href":"https:\/\/www.facet.unt.edu.ar\/facetinforma\/wp-json\/wp\/v2\/tags?post=1707"}],"curies":[{"name":"wp","href":"https:\/\/api.w.org\/{rel}","templated":true}]}}