{"id":17607,"date":"2019-02-22T09:46:54","date_gmt":"2019-02-22T12:46:54","guid":{"rendered":"https:\/\/www.facet.unt.edu.ar\/facetinforma\/?p=17607"},"modified":"2019-02-22T10:52:46","modified_gmt":"2019-02-22T13:52:46","slug":"docentes-de-la-facet-disenan-camas-inteligentes","status":"publish","type":"post","link":"https:\/\/www.facet.unt.edu.ar\/facetinforma\/2019\/02\/22\/docentes-de-la-facet-disenan-camas-inteligentes\/","title":{"rendered":"Docentes de la FACET dise\u00f1an camas inteligentes"},"content":{"rendered":"<p>El proyecto se denomina \u201cSistema de Control por Voz para Brindar Accesibilidad a Camas de Internaci\u00f3n, basado en Sistemas Embebidos\u201d y se encuentra enmarcado en un convenio institucional entre la FACET (UNT), el\u00a0Consejo Nacional de Investigaciones Cient\u00edficas y T\u00e9cnicas (CONICET) y el Ministerio de Salud de la Provincia.\u00a0 \u00a0<!--more--><\/p>\n<p>El sistema desarrollado puede ser usado por pacientes que presentan disfunciones motoras que no afecten el habla.<\/p>\n<p>\u00bfQu\u00e9 es una cama inteligente? Una cama inteligente es un sistema capaz de interpretar comandos e instrucciones enviadas por un usuario con limitaciones motoras. Es un sistema vers\u00e1til capaz de adaptarse a las necesidades del usuario.<\/p>\n<p><a href=\"https:\/\/www.facet.unt.edu.ar\/facetinforma\/wp-content\/uploads\/sites\/9\/2019\/02\/Cama-Inteligente.jpg\"><img decoding=\"async\" loading=\"lazy\" class=\"aligncenter wp-image-17608\" src=\"https:\/\/www.facet.unt.edu.ar\/facetinforma\/wp-content\/uploads\/sites\/9\/2019\/02\/Cama-Inteligente-1024x709.jpg\" alt=\"\" width=\"610\" height=\"423\" srcset=\"https:\/\/www.facet.unt.edu.ar\/facetinforma\/wp-content\/uploads\/sites\/9\/2019\/02\/Cama-Inteligente-1024x709.jpg 1024w, https:\/\/www.facet.unt.edu.ar\/facetinforma\/wp-content\/uploads\/sites\/9\/2019\/02\/Cama-Inteligente-300x208.jpg 300w, https:\/\/www.facet.unt.edu.ar\/facetinforma\/wp-content\/uploads\/sites\/9\/2019\/02\/Cama-Inteligente-768x532.jpg 768w\" sizes=\"(max-width: 610px) 100vw, 610px\" \/><\/a><\/p>\n<p>Actualmente existen en muchos hospitales, cl\u00ednicas y centros de salud, sistemas de control complejos para casi todos los dispositivos electr\u00f3nicos que se encuentran en una sala de internaci\u00f3n. Sin embargo, estos est\u00e1n dise\u00f1ados para que las personas comunes, tales como acompa\u00f1antes, enfermeros, m\u00e9dicos y hasta el mismo paciente (obviamente que no tenga limitaciones motoras) puedan ser manejados. Una persona con un alto grado de limitaciones motoras, seguramente necesitar\u00e1 de alguien que le ayude a comandarlos. La implementaci\u00f3n de esta tecnolog\u00eda le proporciona al paciente cierta independencia en este sentido. Lo particular de este proyecto es que est\u00e1 hecho a medida, por lo que es muy diferente a otros sistemas m\u00e1s generales y no por la tecnolog\u00eda que lleva impl\u00edcito el desarrollo, sino por las prestaciones y las posibilidades que le brinda al usuario (en este caso a Adri\u00e1n Pasteri*).<\/p>\n<p>El equipo de trabajo conformado por el Dr. Fernando Farf\u00e1n, el Dr. Gabriel Piza, el Ing. Pablo Flores, el Dr. Facundo Lucianna, el Dr. Jorge Soletta y el Ing. Rocha; logr\u00f3 dise\u00f1ar una interfase que conecta la cama con una PC, dise\u00f1ar el software con el cual el paciente env\u00eda los comandos de accionamiento y realizar las pruebas de seguridad el\u00e9ctrica que asegure el correcto funcionamiento del sistema. El software fue dise\u00f1ado y elaborado a medida por el Ingeniero Pablo Flores bajo la supervisi\u00f3n del Dr. Ing. Facundo Lucianna.<\/p>\n<div id=\"attachment_17609\" style=\"width: 683px\" class=\"wp-caption aligncenter\"><a href=\"https:\/\/www.facet.unt.edu.ar\/facetinforma\/wp-content\/uploads\/sites\/9\/2019\/02\/Integrantes-del-Proyecto.jpg\"><img aria-describedby=\"caption-attachment-17609\" decoding=\"async\" loading=\"lazy\" class=\"wp-image-17609\" src=\"https:\/\/www.facet.unt.edu.ar\/facetinforma\/wp-content\/uploads\/sites\/9\/2019\/02\/Integrantes-del-Proyecto-1024x673.jpg\" alt=\"\" width=\"673\" height=\"442\" srcset=\"https:\/\/www.facet.unt.edu.ar\/facetinforma\/wp-content\/uploads\/sites\/9\/2019\/02\/Integrantes-del-Proyecto-1024x673.jpg 1024w, https:\/\/www.facet.unt.edu.ar\/facetinforma\/wp-content\/uploads\/sites\/9\/2019\/02\/Integrantes-del-Proyecto-300x197.jpg 300w, https:\/\/www.facet.unt.edu.ar\/facetinforma\/wp-content\/uploads\/sites\/9\/2019\/02\/Integrantes-del-Proyecto-768x505.jpg 768w\" sizes=\"(max-width: 673px) 100vw, 673px\" \/><\/a><p id=\"caption-attachment-17609\" class=\"wp-caption-text\">De izquierda a derecha: Dr. Fernando Farf\u00e1n, Dr. Gabriel Piza, Ing. Pablo Flores, Dr. Facundo Lucianna, Dr. Jorge Soletta e Ing. Rocha<\/p><\/div>\n<p>\u201cEl precio de una cama de internaci\u00f3n motorizada es de aproximadamente 100.000 a 200.000 pesos, y esto var\u00eda de acuerdo al modelo y posibilidades de movimiento. La interface adicional de comando por voz, que hemos desarrollado, no cuesta m\u00e1s de 4000 pesos. El sistema a desarrollar en esta segunda etapa podr\u00eda tener un costo de 10.000 pesos\u201d, explica el Dr. Fernando Farf\u00e1n.<\/p>\n<p><strong>Desaf\u00edos<\/strong><\/p>\n<p>\u201cEl mayor desaf\u00edo en este proyecto fue llegar a la primera etapa en tiempo y forma. Tecnol\u00f3gicamente, est\u00e1bamos convencidos que la idea pod\u00eda llevarse a cabo sin mayores dificultades. Sin embargo, el hecho de establecer un contacto directo con el paciente, de una u otra forma causa expectativas, las cuales no quer\u00edamos romper. El \u2018tiempo es tirano\u2019 y m\u00e1s cuando las necesidades son extremas\u201d, relata Farf\u00e1n.<\/p>\n<p>El sistema puede ser significativamente mejorado con recursos nacionales. En la segunda etapa de este proyecto se pretende realizar un sistema que reconozca la instrucci\u00f3n por voz proporcionada por el usuario, sin la necesidad de una PC o manejo de software.<\/p>\n<p>El prototipo de Adri\u00e1n va a evolucionar hacia un sistema totalmente independiente, de manera tal que \u00e9l no necesite encender su PC para comandar su cama (sistema inteligente). El equipo de trabajo ya cuenta con otra cama para continuar con la investigaci\u00f3n y desarrollo. Ahora la meta es desarrollar un sistema para un usuario que no habla pero mueve sus ojos. Es un gran desaf\u00edo, manifiesta.<\/p>\n<p>En la segunda etapa de este proyecto, se est\u00e1 trabajando para que el sistema sea capaz de reconocer comandos de control v\u00eda:<\/p>\n<ul>\n<li>La instrucci\u00f3n por voz (una simple se\u00f1al de audio), reconocerla como tal y realizar la tarea indicada.<\/li>\n<li>La actividad residual de m\u00fasculos afectados y debilitados por enfermedades que producen degeneraciones musculares y\/o nerviosas.<\/li>\n<li>El movimiento de los ojos, tales como el pesta\u00f1eo o direcci\u00f3n de la mirada.<\/li>\n<\/ul>\n<p>Estas alternativas, y otras, ser\u00edan adecuadas a la necesidad de cada paciente. Los m\u00f3dulos de procesamiento ser\u00edan independientes de cualquier PC, y por lo tanto, de las capacidades intelectuales del paciente (como por ejemplo, el conocimiento inform\u00e1tico).<\/p>\n<p>\u201cQuiero destacar el trabajo fundamental que realizaron, en esta primera etapa del proyecto, los Ingenieros Biom\u00e9dicos Facundo Lucianna, Gabriel Piza y Pablo Flores (todos egresados de la FACET-UNT)\u201d, finaliza Farf\u00e1n.<\/p>\n<p><strong>Hablemos de Calidad de Vida<\/strong><\/p>\n<p>* <strong>Adri\u00e1n Pasteri<\/strong> (38) sufri\u00f3 un accidente al caer a una pileta de nataci\u00f3n en el a\u00f1o 2000, lo que le provoc\u00f3 m\u00faltiples lesiones en su columna cervical, y la imposibilidad de mover su cuerpo del cuello hacia abajo. Este proyecto le permite a corto plazo, una mayor independencia en la posici\u00f3n de su cuerpo sin necesidad de utilizar un mouse o rat\u00f3n. A largo plazo, las posibilidades se incrementar\u00e1n.<\/p>\n<p>Nota producida por el \u00c1rea de Comunicaci\u00f3n Institucional de la FACET<br \/>\nFotos gentileza Dr. Fernando Farf\u00e1n<\/p>\n","protected":false},"excerpt":{"rendered":"<p>El proyecto se denomina \u201cSistema de Control por Voz para Brindar Accesibilidad a Camas de Internaci\u00f3n, basado en Sistemas Embebidos\u201d y se encuentra enmarcado en un convenio institucional entre la FACET (UNT), el\u00a0Consejo Nacional de Investigaciones Cient\u00edficas y T\u00e9cnicas (CONICET) y el Ministerio de Salud de la Provincia.\u00a0 \u00a0<\/p>\n","protected":false},"author":6,"featured_media":0,"comment_status":"closed","ping_status":"closed","sticky":false,"template":"","format":"standard","meta":[],"categories":[5,10],"tags":[],"_links":{"self":[{"href":"https:\/\/www.facet.unt.edu.ar\/facetinforma\/wp-json\/wp\/v2\/posts\/17607"}],"collection":[{"href":"https:\/\/www.facet.unt.edu.ar\/facetinforma\/wp-json\/wp\/v2\/posts"}],"about":[{"href":"https:\/\/www.facet.unt.edu.ar\/facetinforma\/wp-json\/wp\/v2\/types\/post"}],"author":[{"embeddable":true,"href":"https:\/\/www.facet.unt.edu.ar\/facetinforma\/wp-json\/wp\/v2\/users\/6"}],"replies":[{"embeddable":true,"href":"https:\/\/www.facet.unt.edu.ar\/facetinforma\/wp-json\/wp\/v2\/comments?post=17607"}],"version-history":[{"count":7,"href":"https:\/\/www.facet.unt.edu.ar\/facetinforma\/wp-json\/wp\/v2\/posts\/17607\/revisions"}],"predecessor-version":[{"id":17616,"href":"https:\/\/www.facet.unt.edu.ar\/facetinforma\/wp-json\/wp\/v2\/posts\/17607\/revisions\/17616"}],"wp:attachment":[{"href":"https:\/\/www.facet.unt.edu.ar\/facetinforma\/wp-json\/wp\/v2\/media?parent=17607"}],"wp:term":[{"taxonomy":"category","embeddable":true,"href":"https:\/\/www.facet.unt.edu.ar\/facetinforma\/wp-json\/wp\/v2\/categories?post=17607"},{"taxonomy":"post_tag","embeddable":true,"href":"https:\/\/www.facet.unt.edu.ar\/facetinforma\/wp-json\/wp\/v2\/tags?post=17607"}],"curies":[{"name":"wp","href":"https:\/\/api.w.org\/{rel}","templated":true}]}}