{"id":17667,"date":"2019-02-28T21:34:56","date_gmt":"2019-03-01T00:34:56","guid":{"rendered":"https:\/\/www.facet.unt.edu.ar\/facetinforma\/?p=17667"},"modified":"2019-02-28T21:36:00","modified_gmt":"2019-03-01T00:36:00","slug":"2da-circular-ecifacet-llamado-a-inscripcion-y-presentacion-de-resumenes","status":"publish","type":"post","link":"https:\/\/www.facet.unt.edu.ar\/facetinforma\/2019\/02\/28\/2da-circular-ecifacet-llamado-a-inscripcion-y-presentacion-de-resumenes\/","title":{"rendered":"2da Circular ECIFACET &#8211; Llamado a inscripci\u00f3n y presentaci\u00f3n de res\u00famenes"},"content":{"rendered":"<p>Las Autoridades de la FACET invitan a participar a docentes, investigadores, alumnos de postgrado, grado y pregrado del\u00a0<strong>\u201cEncuentro Cient\u00edfico de Investigadores de la FACET (ECIFACET)\u201d<\/strong>\u00a0a realizarse en las instalaciones de la FACET los d\u00edas\u00a0<strong>25 y 26 de Abril de 2019<\/strong>. El evento est\u00e1 abierto al personal no-docente, alumnos y a toda la comunidad educativa en general. <!--more--><\/p>\n<p><span style=\"text-decoration: underline;\">FECHAS IMPORTANTES<\/span>:<br \/>\n<u>Fecha l\u00edmite de env\u00edo de res\u00famenes<\/u>:\u00a0<strong>10 de Abril de 2019.<\/strong><br \/>\n<u>Comunicaci\u00f3n del Programa de Actividades<\/u>:\u00a0<strong>15 de Abril de 2019<\/strong>.<\/p>\n<p><u>Formato de Resumen de Trabajos y Formulario de Inscripci\u00f3n<\/u><br \/>\nEl resumen debe ser enviado adjunto al formulario de inscripci\u00f3n para el registro de datos. Se adjunta el formato del resumen para presentaciones orales y murales, y el formulario de inscripci\u00f3n:<\/p>\n<ul>\n<li><a href=\"https:\/\/www.facet.unt.edu.ar\/facetinforma\/wp-content\/uploads\/sites\/9\/2019\/02\/Formato-Resumen-de-Trabajos-para-ECIFACET.pdf\" target=\"_blank\" rel=\"noopener noreferrer\">Formato de Resumen<\/a><\/li>\n<li><a href=\"https:\/\/docs.google.com\/forms\/d\/e\/1FAIpQLSc72E_T_NsEXC8MKGVwe24UpPYKiFYLcc5UfbeXg-l3-mNuvQ\/viewform?usp=sf_link\" target=\"_blank\" rel=\"noopener noreferrer\">Formulario de Inscripci\u00f3n<\/a><\/li>\n<\/ul>\n<p>Para m\u00e1s informaci\u00f3n sobre el encuentro se adjunta la segunda circular: &#8211;\u00a0<a href=\"https:\/\/www.facet.unt.edu.ar\/facetinforma\/wp-content\/uploads\/sites\/9\/2019\/02\/ECIFACET-2019-2da-Circular.pdf\" target=\"_blank\" rel=\"noopener noreferrer\">ECIFACET 2019 \u2013 Segunda Circular.pdf<\/a><\/p>\n","protected":false},"excerpt":{"rendered":"<p>Las Autoridades de la FACET invitan a participar a docentes, investigadores, alumnos de postgrado, grado y pregrado del\u00a0\u201cEncuentro Cient\u00edfico de Investigadores de la FACET (ECIFACET)\u201d\u00a0a realizarse en las instalaciones de la FACET los d\u00edas\u00a025 y 26 de Abril de 2019. El evento est\u00e1 abierto al personal no-docente, alumnos y a toda la comunidad educativa en [&hellip;]<\/p>\n","protected":false},"author":6,"featured_media":0,"comment_status":"closed","ping_status":"closed","sticky":false,"template":"","format":"standard","meta":[],"categories":[5],"tags":[],"_links":{"self":[{"href":"https:\/\/www.facet.unt.edu.ar\/facetinforma\/wp-json\/wp\/v2\/posts\/17667"}],"collection":[{"href":"https:\/\/www.facet.unt.edu.ar\/facetinforma\/wp-json\/wp\/v2\/posts"}],"about":[{"href":"https:\/\/www.facet.unt.edu.ar\/facetinforma\/wp-json\/wp\/v2\/types\/post"}],"author":[{"embeddable":true,"href":"https:\/\/www.facet.unt.edu.ar\/facetinforma\/wp-json\/wp\/v2\/users\/6"}],"replies":[{"embeddable":true,"href":"https:\/\/www.facet.unt.edu.ar\/facetinforma\/wp-json\/wp\/v2\/comments?post=17667"}],"version-history":[{"count":2,"href":"https:\/\/www.facet.unt.edu.ar\/facetinforma\/wp-json\/wp\/v2\/posts\/17667\/revisions"}],"predecessor-version":[{"id":17673,"href":"https:\/\/www.facet.unt.edu.ar\/facetinforma\/wp-json\/wp\/v2\/posts\/17667\/revisions\/17673"}],"wp:attachment":[{"href":"https:\/\/www.facet.unt.edu.ar\/facetinforma\/wp-json\/wp\/v2\/media?parent=17667"}],"wp:term":[{"taxonomy":"category","embeddable":true,"href":"https:\/\/www.facet.unt.edu.ar\/facetinforma\/wp-json\/wp\/v2\/categories?post=17667"},{"taxonomy":"post_tag","embeddable":true,"href":"https:\/\/www.facet.unt.edu.ar\/facetinforma\/wp-json\/wp\/v2\/tags?post=17667"}],"curies":[{"name":"wp","href":"https:\/\/api.w.org\/{rel}","templated":true}]}}