{"id":17687,"date":"2019-03-07T11:20:58","date_gmt":"2019-03-07T14:20:58","guid":{"rendered":"https:\/\/www.facet.unt.edu.ar\/facetinforma\/?p=17687"},"modified":"2019-03-07T11:52:52","modified_gmt":"2019-03-07T14:52:52","slug":"muestra-educatec-2019","status":"publish","type":"post","link":"https:\/\/www.facet.unt.edu.ar\/facetinforma\/2019\/03\/07\/muestra-educatec-2019\/","title":{"rendered":"Muestra EDUCATEC 2019"},"content":{"rendered":"<p>El Ministerio de Educaci\u00f3n de la Provincia y la Secretar\u00eda de Innovaci\u00f3n y Desarrollo Tecnol\u00f3gico de Tucum\u00e1n (SIDETEC) invitan a la comunidad universitaria y al p\u00fablico en general a participar de la <strong>\u201c4ta Feria de Divulgaci\u00f3n Cient\u00edfica Tecnol\u00f3gica EDUCATEC\u201d<\/strong>, que se realizar\u00e1 del <strong>2 al 17 de Mayo<\/strong>, en el Centro de Innovaci\u00f3n e Investigaci\u00f3n para el Desarrollo Educativo, Productivo y Tecnol\u00f3gico (CIIDEPT), Av. Jos\u00e9 Ingenieros N\u00b0 260.<!--more--><\/p>\n<p>EDUCATEC es una exposici\u00f3n de divulgaci\u00f3n cient\u00edfica de car\u00e1cter interactivo, cuyas actividades est\u00e1n destinadas a estudiantes secundarios, primarios y al p\u00fablico en general.<\/p>\n<p>Los docentes e investigadores podr\u00e1n participar en la muestra con propuestas como: talleres, charlas, exposiciones de sus trabajos o proyectos de investigaci\u00f3n, etc.<\/p>\n<p>Para m\u00e1s informaci\u00f3n, los interesados deber\u00e1n dirigirse a la Secretar\u00eda de Bienestar Estudiantil, Block 3, 1er piso, o bien, contactarse a los siguientes e-mails: <a href=\"mailto:sbe.facet@herrera.unt.edu.ar\">sbe.facet@herrera.unt.edu.ar<\/a> \/ <a href=\"mailto:fayarde@herrera.unt.edu.ar\">fayarde@herrera.unt.edu.ar<\/a><\/p>\n","protected":false},"excerpt":{"rendered":"<p>El Ministerio de Educaci\u00f3n de la Provincia y la Secretar\u00eda de Innovaci\u00f3n y Desarrollo Tecnol\u00f3gico de Tucum\u00e1n (SIDETEC) invitan a la comunidad universitaria y al p\u00fablico en general a participar de la \u201c4ta Feria de Divulgaci\u00f3n Cient\u00edfica Tecnol\u00f3gica EDUCATEC\u201d, que se realizar\u00e1 del 2 al 17 de Mayo, en el Centro de Innovaci\u00f3n e Investigaci\u00f3n [&hellip;]<\/p>\n","protected":false},"author":6,"featured_media":0,"comment_status":"closed","ping_status":"closed","sticky":false,"template":"","format":"standard","meta":[],"categories":[5],"tags":[],"_links":{"self":[{"href":"https:\/\/www.facet.unt.edu.ar\/facetinforma\/wp-json\/wp\/v2\/posts\/17687"}],"collection":[{"href":"https:\/\/www.facet.unt.edu.ar\/facetinforma\/wp-json\/wp\/v2\/posts"}],"about":[{"href":"https:\/\/www.facet.unt.edu.ar\/facetinforma\/wp-json\/wp\/v2\/types\/post"}],"author":[{"embeddable":true,"href":"https:\/\/www.facet.unt.edu.ar\/facetinforma\/wp-json\/wp\/v2\/users\/6"}],"replies":[{"embeddable":true,"href":"https:\/\/www.facet.unt.edu.ar\/facetinforma\/wp-json\/wp\/v2\/comments?post=17687"}],"version-history":[{"count":3,"href":"https:\/\/www.facet.unt.edu.ar\/facetinforma\/wp-json\/wp\/v2\/posts\/17687\/revisions"}],"predecessor-version":[{"id":17691,"href":"https:\/\/www.facet.unt.edu.ar\/facetinforma\/wp-json\/wp\/v2\/posts\/17687\/revisions\/17691"}],"wp:attachment":[{"href":"https:\/\/www.facet.unt.edu.ar\/facetinforma\/wp-json\/wp\/v2\/media?parent=17687"}],"wp:term":[{"taxonomy":"category","embeddable":true,"href":"https:\/\/www.facet.unt.edu.ar\/facetinforma\/wp-json\/wp\/v2\/categories?post=17687"},{"taxonomy":"post_tag","embeddable":true,"href":"https:\/\/www.facet.unt.edu.ar\/facetinforma\/wp-json\/wp\/v2\/tags?post=17687"}],"curies":[{"name":"wp","href":"https:\/\/api.w.org\/{rel}","templated":true}]}}