{"id":17717,"date":"2019-03-12T17:48:38","date_gmt":"2019-03-12T20:48:38","guid":{"rendered":"https:\/\/www.facet.unt.edu.ar\/facetinforma\/?p=17717"},"modified":"2019-03-12T17:50:00","modified_gmt":"2019-03-12T20:50:00","slug":"2-seminario-internacional-kaizen-mejora-continua-japonesa","status":"publish","type":"post","link":"https:\/\/www.facet.unt.edu.ar\/facetinforma\/2019\/03\/12\/2-seminario-internacional-kaizen-mejora-continua-japonesa\/","title":{"rendered":"2\u00b0 Seminario Internacional KAIZEN \u201cMejora Continua Japonesa\u201d"},"content":{"rendered":"<p>En el marco del Programa Provincial de Aplicaci\u00f3n KAIZEN para PyMEs tucumanas (PROKAI) se invita a la comunidad universitaria a participar del\u00a0 2\u00b0 Seminario Internacional KAIZEN \u201cMejora Continua Japonesa\u201d, que se desarrollar\u00e1 este jueves 14 de marzo, a partir de las 8:30 hs, en el Hotel Catalinas Park, Av. Soldati N\u00b0 380.<!--more--><\/p>\n<p>El mismo est\u00e1 orientado a empresarios, jefes de planta, empleados de PyMEs, auditores de calidad, docentes, estudiantes universitarios, y p\u00fablico en general interesado en la mejora continua al estilo japon\u00e9s.<\/p>\n<p>El seminario contar\u00e1 con la presencia de disertantes expertos en KAIZEN a nivel mundial. Se expondr\u00e1n tem\u00e1ticas de inducci\u00f3n al KAIZEN, el management y la mejora continua japonesa; como tambi\u00e9n se profundizar\u00e1 en sus principales herramientas mediante un taller que concentrar\u00e1 conocimientos te\u00f3ricos, t\u00e9cnicos y ejemplos reales.<\/p>\n<p>El PROKAI es una iniciativa del Gobierno de Tucum\u00e1n, a trav\u00e9s del Ministerio de Desarrollo Productivo, desarrollado en conjunto con el Ministerio de Educaci\u00f3n, el Instituto Nacional de Tecnolog\u00eda Industrial (INTI) y el apoyo de la Agencia de Cooperaci\u00f3n Internacional de Jap\u00f3n (JICA) del Gobierno de Jap\u00f3n.<\/p>\n<p><a href=\"https:\/\/docs.google.com\/forms\/d\/e\/1FAIpQLSemspmB6tj7_hSNAsLIG5ZzILEmuyXYu25zcdm4bJ9vcJO4xA\/viewform?vc=0&amp;c=0&amp;w=1\" target=\"_blank\" rel=\"noopener noreferrer\">Formulario de Inscripci\u00f3n<\/a><\/p>\n<p><a href=\"https:\/\/www.facet.unt.edu.ar\/facetinforma\/wp-content\/uploads\/sites\/9\/2019\/03\/2-seminario-kaizen.jpeg\"><img decoding=\"async\" loading=\"lazy\" class=\"aligncenter  wp-image-17719\" src=\"https:\/\/www.facet.unt.edu.ar\/facetinforma\/wp-content\/uploads\/sites\/9\/2019\/03\/2-seminario-kaizen-993x1024.jpeg\" alt=\"\" width=\"582\" height=\"600\" srcset=\"https:\/\/www.facet.unt.edu.ar\/facetinforma\/wp-content\/uploads\/sites\/9\/2019\/03\/2-seminario-kaizen-993x1024.jpeg 993w, https:\/\/www.facet.unt.edu.ar\/facetinforma\/wp-content\/uploads\/sites\/9\/2019\/03\/2-seminario-kaizen-291x300.jpeg 291w, https:\/\/www.facet.unt.edu.ar\/facetinforma\/wp-content\/uploads\/sites\/9\/2019\/03\/2-seminario-kaizen-768x792.jpeg 768w, https:\/\/www.facet.unt.edu.ar\/facetinforma\/wp-content\/uploads\/sites\/9\/2019\/03\/2-seminario-kaizen.jpeg 1241w\" sizes=\"(max-width: 582px) 100vw, 582px\" \/><\/a><\/p>\n<p>&nbsp;<\/p>\n","protected":false},"excerpt":{"rendered":"<p>En el marco del Programa Provincial de Aplicaci\u00f3n KAIZEN para PyMEs tucumanas (PROKAI) se invita a la comunidad universitaria a participar del\u00a0 2\u00b0 Seminario Internacional KAIZEN \u201cMejora Continua Japonesa\u201d, que se desarrollar\u00e1 este jueves 14 de marzo, a partir de las 8:30 hs, en el Hotel Catalinas Park, Av. Soldati N\u00b0 380.<\/p>\n","protected":false},"author":6,"featured_media":0,"comment_status":"closed","ping_status":"closed","sticky":false,"template":"","format":"standard","meta":[],"categories":[5],"tags":[],"_links":{"self":[{"href":"https:\/\/www.facet.unt.edu.ar\/facetinforma\/wp-json\/wp\/v2\/posts\/17717"}],"collection":[{"href":"https:\/\/www.facet.unt.edu.ar\/facetinforma\/wp-json\/wp\/v2\/posts"}],"about":[{"href":"https:\/\/www.facet.unt.edu.ar\/facetinforma\/wp-json\/wp\/v2\/types\/post"}],"author":[{"embeddable":true,"href":"https:\/\/www.facet.unt.edu.ar\/facetinforma\/wp-json\/wp\/v2\/users\/6"}],"replies":[{"embeddable":true,"href":"https:\/\/www.facet.unt.edu.ar\/facetinforma\/wp-json\/wp\/v2\/comments?post=17717"}],"version-history":[{"count":3,"href":"https:\/\/www.facet.unt.edu.ar\/facetinforma\/wp-json\/wp\/v2\/posts\/17717\/revisions"}],"predecessor-version":[{"id":17721,"href":"https:\/\/www.facet.unt.edu.ar\/facetinforma\/wp-json\/wp\/v2\/posts\/17717\/revisions\/17721"}],"wp:attachment":[{"href":"https:\/\/www.facet.unt.edu.ar\/facetinforma\/wp-json\/wp\/v2\/media?parent=17717"}],"wp:term":[{"taxonomy":"category","embeddable":true,"href":"https:\/\/www.facet.unt.edu.ar\/facetinforma\/wp-json\/wp\/v2\/categories?post=17717"},{"taxonomy":"post_tag","embeddable":true,"href":"https:\/\/www.facet.unt.edu.ar\/facetinforma\/wp-json\/wp\/v2\/tags?post=17717"}],"curies":[{"name":"wp","href":"https:\/\/api.w.org\/{rel}","templated":true}]}}