{"id":17737,"date":"2019-03-13T17:01:41","date_gmt":"2019-03-13T20:01:41","guid":{"rendered":"https:\/\/www.facet.unt.edu.ar\/facetinforma\/?p=17737"},"modified":"2019-03-13T22:03:39","modified_gmt":"2019-03-14T01:03:39","slug":"unidad-de-atencion-movil-de-anses-en-la-facet","status":"publish","type":"post","link":"https:\/\/www.facet.unt.edu.ar\/facetinforma\/2019\/03\/13\/unidad-de-atencion-movil-de-anses-en-la-facet\/","title":{"rendered":"Unidad de Atenci\u00f3n M\u00f3vil de ANSES en la FACET"},"content":{"rendered":"<p>Ma\u00f1ana, jueves 14 de marzo, se instalar\u00e1 la Unidad de Atenci\u00f3n M\u00f3vil de ANSES en la FACET (Block 1, Planta Baja), de 8.30 a 13.00 hs, donde los estudiantes podr\u00e1n consultar sobre las Becas PROGRESAR. <!--more--><\/p>\n<p>Tambi\u00e9n brindar\u00e1 atenci\u00f3n y asesoramiento en todos los tr\u00e1mites (acreditar datos personales, nombrar apoderado, cambiar de banco de cobro de prestaci\u00f3n, tramitar asignaciones familiares, obtener CUIL, certificaci\u00f3n Negativa o CODEM, consultar sobre jubilaciones\/pensiones, etc).<\/p>\n<p><a href=\"https:\/\/www.facet.unt.edu.ar\/facetinforma\/wp-content\/uploads\/sites\/9\/2019\/03\/TRAMITES-ANSES-1.png\"><img decoding=\"async\" loading=\"lazy\" class=\"aligncenter  wp-image-17739\" src=\"https:\/\/www.facet.unt.edu.ar\/facetinforma\/wp-content\/uploads\/sites\/9\/2019\/03\/TRAMITES-ANSES-1-1024x855.png\" alt=\"\" width=\"559\" height=\"467\" srcset=\"https:\/\/www.facet.unt.edu.ar\/facetinforma\/wp-content\/uploads\/sites\/9\/2019\/03\/TRAMITES-ANSES-1-1024x855.png 1024w, https:\/\/www.facet.unt.edu.ar\/facetinforma\/wp-content\/uploads\/sites\/9\/2019\/03\/TRAMITES-ANSES-1-300x250.png 300w, https:\/\/www.facet.unt.edu.ar\/facetinforma\/wp-content\/uploads\/sites\/9\/2019\/03\/TRAMITES-ANSES-1-768x641.png 768w, https:\/\/www.facet.unt.edu.ar\/facetinforma\/wp-content\/uploads\/sites\/9\/2019\/03\/TRAMITES-ANSES-1.png 1150w\" sizes=\"(max-width: 559px) 100vw, 559px\" \/><\/a><\/p>\n","protected":false},"excerpt":{"rendered":"<p>Ma\u00f1ana, jueves 14 de marzo, se instalar\u00e1 la Unidad de Atenci\u00f3n M\u00f3vil de ANSES en la FACET (Block 1, Planta Baja), de 8.30 a 13.00 hs, donde los estudiantes podr\u00e1n consultar sobre las Becas PROGRESAR.<\/p>\n","protected":false},"author":6,"featured_media":0,"comment_status":"closed","ping_status":"closed","sticky":false,"template":"","format":"standard","meta":[],"categories":[5],"tags":[],"_links":{"self":[{"href":"https:\/\/www.facet.unt.edu.ar\/facetinforma\/wp-json\/wp\/v2\/posts\/17737"}],"collection":[{"href":"https:\/\/www.facet.unt.edu.ar\/facetinforma\/wp-json\/wp\/v2\/posts"}],"about":[{"href":"https:\/\/www.facet.unt.edu.ar\/facetinforma\/wp-json\/wp\/v2\/types\/post"}],"author":[{"embeddable":true,"href":"https:\/\/www.facet.unt.edu.ar\/facetinforma\/wp-json\/wp\/v2\/users\/6"}],"replies":[{"embeddable":true,"href":"https:\/\/www.facet.unt.edu.ar\/facetinforma\/wp-json\/wp\/v2\/comments?post=17737"}],"version-history":[{"count":2,"href":"https:\/\/www.facet.unt.edu.ar\/facetinforma\/wp-json\/wp\/v2\/posts\/17737\/revisions"}],"predecessor-version":[{"id":17740,"href":"https:\/\/www.facet.unt.edu.ar\/facetinforma\/wp-json\/wp\/v2\/posts\/17737\/revisions\/17740"}],"wp:attachment":[{"href":"https:\/\/www.facet.unt.edu.ar\/facetinforma\/wp-json\/wp\/v2\/media?parent=17737"}],"wp:term":[{"taxonomy":"category","embeddable":true,"href":"https:\/\/www.facet.unt.edu.ar\/facetinforma\/wp-json\/wp\/v2\/categories?post=17737"},{"taxonomy":"post_tag","embeddable":true,"href":"https:\/\/www.facet.unt.edu.ar\/facetinforma\/wp-json\/wp\/v2\/tags?post=17737"}],"curies":[{"name":"wp","href":"https:\/\/api.w.org\/{rel}","templated":true}]}}