{"id":17752,"date":"2019-03-19T18:31:00","date_gmt":"2019-03-19T21:31:00","guid":{"rendered":"https:\/\/www.facet.unt.edu.ar\/facetinforma\/?p=17752"},"modified":"2019-03-19T18:58:22","modified_gmt":"2019-03-19T21:58:22","slug":"convocatorias-2019-para-desarrollar-proyectos-entre-francia-y-argentina","status":"publish","type":"post","link":"https:\/\/www.facet.unt.edu.ar\/facetinforma\/2019\/03\/19\/convocatorias-2019-para-desarrollar-proyectos-entre-francia-y-argentina\/","title":{"rendered":"Convocatorias 2019 para desarrollar Proyectos entre Francia y Argentina"},"content":{"rendered":"<p>El Responsable del \u00c1rea de Relaciones Internacionales de la FACET, Mg. Ing. Jorge A. Gonz\u00e1lez, informa<strong>\u00a0<\/strong>a la comunidad universitaria, que se encuentran abiertas dos convocatorias 2019 para desarrollar proyectos entre Francia y Argentina. <!--more--><\/p>\n<p><strong><u>PREFALC<\/u><\/strong><br \/>\nLos ministerios franceses de Educaci\u00f3n Superior, Investigaci\u00f3n e Innovaci\u00f3n (MESRI) y de Europa y Asuntos Exteriores (MEAE) conf\u00edan a la Fundaci\u00f3n de la Casa de las Ciencias del Hombre la convocatoria para proyectos 2019 del\u00a0 Programa\u00a0 Regional\u00a0 Francia-Am\u00e9rica\u00a0 latina-Caribe (PREFALC). PREFALC apoya anualmente a universidades francesas que quieran iniciar o desarrollar lazos de cooperaci\u00f3n con sus pares latinoamericanas y\/o caribe\u00f1as. Es un cofinanciamiento que permite apoyar la movilidad de los profesores que participan en seminarios y\/o m\u00f3dulos internacionales e integrados en los curr\u00edculos de nivel Maestr\u00eda de las universidades latinoamericanas y caribe\u00f1as. Permite sostener proyectos, de una duraci\u00f3n de 2 a\u00f1os, asociando un establecimiento de educaci\u00f3n superior en Francia y uno en al menos dos pa\u00edses latino-americanos o caribe\u00f1os diferentes.<\/p>\n<p>La convocatoria para presentar proyectos est\u00e1 abierta\u00a0<strong>hasta el 26 de abril de 2019<\/strong>. M\u00e1s informaci\u00f3n:\u00a0<a href=\"http:\/\/ifargentine.com.ar\/fr\/se-abre-la-nueva-convocatoria-de-proyectos-del-programa-regional-francia-america-latina-y-caribe-prefalc\/\">http:\/\/ifargentine.com.ar\/fr\/se-abre-la-nueva-convocatoria-de-proyectos-del-programa-regional-francia-america-latina-y-caribe-prefalc\/<\/a><\/p>\n<p><strong><u>BECAS SAINT-EXUPERY<\/u><\/strong><br \/>\nLas becas \u201cSaint-Exup\u00e9ry\u201d surgen de un convenio firmado entre el Ministerio de Educaci\u00f3n de la Rep\u00fablica Argentina y el Ministerio de Europa y Asuntos Exteriores de la Rep\u00fablica Francesa. Se otorgan para realizar estancias de investigaci\u00f3n cortas en universidades francesas (2 a 4 meses), de nivel doctoral, en todas las \u00e1reas y disciplinas. Las becas ser\u00e1n realizadas entre septiembre y diciembre del mismo a\u00f1o. La convocatoria est\u00e1 abierta\u00a0<strong>hasta el 30 de abril de 2019<\/strong>. M\u00e1s informaci\u00f3n:\u00a0<a href=\"http:\/\/ifargentine.com.ar\/fr\/convocatoria-becas-saint-exupery\/\">http:\/\/ifargentine.com.ar\/fr\/convocatoria-becas-saint-exupery\/<\/a><\/p>\n<p>&nbsp;<\/p>\n","protected":false},"excerpt":{"rendered":"<p>El Responsable del \u00c1rea de Relaciones Internacionales de la FACET, Mg. Ing. Jorge A. Gonz\u00e1lez, informa\u00a0a la comunidad universitaria, que se encuentran abiertas dos convocatorias 2019 para desarrollar proyectos entre Francia y Argentina.<\/p>\n","protected":false},"author":6,"featured_media":0,"comment_status":"closed","ping_status":"closed","sticky":false,"template":"","format":"standard","meta":[],"categories":[3,5],"tags":[],"_links":{"self":[{"href":"https:\/\/www.facet.unt.edu.ar\/facetinforma\/wp-json\/wp\/v2\/posts\/17752"}],"collection":[{"href":"https:\/\/www.facet.unt.edu.ar\/facetinforma\/wp-json\/wp\/v2\/posts"}],"about":[{"href":"https:\/\/www.facet.unt.edu.ar\/facetinforma\/wp-json\/wp\/v2\/types\/post"}],"author":[{"embeddable":true,"href":"https:\/\/www.facet.unt.edu.ar\/facetinforma\/wp-json\/wp\/v2\/users\/6"}],"replies":[{"embeddable":true,"href":"https:\/\/www.facet.unt.edu.ar\/facetinforma\/wp-json\/wp\/v2\/comments?post=17752"}],"version-history":[{"count":2,"href":"https:\/\/www.facet.unt.edu.ar\/facetinforma\/wp-json\/wp\/v2\/posts\/17752\/revisions"}],"predecessor-version":[{"id":17761,"href":"https:\/\/www.facet.unt.edu.ar\/facetinforma\/wp-json\/wp\/v2\/posts\/17752\/revisions\/17761"}],"wp:attachment":[{"href":"https:\/\/www.facet.unt.edu.ar\/facetinforma\/wp-json\/wp\/v2\/media?parent=17752"}],"wp:term":[{"taxonomy":"category","embeddable":true,"href":"https:\/\/www.facet.unt.edu.ar\/facetinforma\/wp-json\/wp\/v2\/categories?post=17752"},{"taxonomy":"post_tag","embeddable":true,"href":"https:\/\/www.facet.unt.edu.ar\/facetinforma\/wp-json\/wp\/v2\/tags?post=17752"}],"curies":[{"name":"wp","href":"https:\/\/api.w.org\/{rel}","templated":true}]}}